{"id":1405,"date":"2017-05-11T15:42:48","date_gmt":"2017-05-11T15:42:48","guid":{"rendered":"http:\/\/www.sindenfermeiro.com.br\/?p=1405"},"modified":"2026-04-29T12:00:51","modified_gmt":"2026-04-29T15:00:51","slug":"sindenfermeiro-participa-de-evento-em-homenagem-a-semana-brasileira-de-enfermagem","status":"publish","type":"post","link":"https:\/\/sindenfermeiro.com.br\/index.php\/2017\/05\/11\/sindenfermeiro-participa-de-evento-em-homenagem-a-semana-brasileira-de-enfermagem\/","title":{"rendered":"SindEnfermeiro participa de evento em homenagem a Semana Brasileira de Enfermagem"},"content":{"rendered":"<p style=\"text-align: justify\">Na manh\u00e3 dessa quinta (11), o Sindicato dos Enfermeiros do Distrito Federal (SindEnfermeiro-DF) participou da Mesa de abertura de evento, realizado na Funda\u00e7\u00e3o de Ensino e Pesquisa em Ci\u00eancias da Sa\u00fade (Fepecs), em homenagem a 78\u00aa\u00a0Semana Brasileira de Enfermagem. Um ciclo de palestras voltadas para profissionais da enfermagem acontece na institui\u00e7\u00e3o.<\/p>\n<p style=\"text-align: justify\">Durante a abertura, Dayse Amar\u00edlio, presidente do SindEnfermeiro chamou a aten\u00e7\u00e3o para a capacidade de transforma\u00e7\u00e3o social que o enfermeiro possui, no exerc\u00edcio de sua profiss\u00e3o. A presidente do SindEnfermeiro lembrou que a orienta\u00e7\u00e3o t\u00e9cnica e o cuidado prestados pelo enfermeiro modifica panoramas epidemiol\u00f3gicos, assistenciais e, consequentemente, a sociedade.<\/p>\n<p style=\"text-align: justify\">Dayse tamb\u00e9m destacou a luta constante da categoria por melhores condi\u00e7\u00f5es de trabalho e lembrou que \u201csociedade, empres\u00e1rios e Governo\u201d precisam estar atentos \u00e0 import\u00e2ncia dos enfermeiros para que haja \u201creflexo na qualidade da assist\u00eancia, isonomia salarial e sal\u00e1rios dignos na rede privada\u201d, disse. A presidente do SindEnfermeiro destacou que, com melhores condi\u00e7\u00f5es de trabalho, os enfermeiros estar\u00e3o prontos para \u201cmudar nossa realidade\u201d.<\/p>\n<p style=\"text-align: justify\">Al\u00e9m do SindEnfermeiro, tamb\u00e9m participaram da Mesa de abertura, representantes da Associa\u00e7\u00e3o Brasileira e do Conselho Regional de Enfermagem, da Secretaria de Sa\u00fade e do Sindicato dos Auxiliares e T\u00e9cnicos em Enfermagem.<\/p>\n<div id=\"attachment_1406\" style=\"width: 510px\" class=\"wp-caption aligncenter\"><img loading=\"lazy\" decoding=\"async\" aria-describedby=\"caption-attachment-1406\" class=\"wp-image-1406\" src=\"http:\/\/www.sindenfermeiro.com.br\/wp-content\/uploads\/2017\/05\/MG_0555.jpg\" alt=\"_MG_0555\" width=\"500\" height=\"333\" \/><p id=\"caption-attachment-1406\" class=\"wp-caption-text\"><em>Evento, realizado pela Funda\u00e7\u00e3o de Ensino e Pesquisa em Ci\u00eancias da Sa\u00fade (Fepecs), em homenagem a 78\u00aa Semana Brasileira de Enfermagem<\/em><\/p><\/div>\n<div id=\"attachment_1407\" style=\"width: 510px\" class=\"wp-caption aligncenter\"><img loading=\"lazy\" decoding=\"async\" aria-describedby=\"caption-attachment-1407\" class=\"wp-image-1407\" src=\"http:\/\/www.sindenfermeiro.com.br\/wp-content\/uploads\/2017\/05\/MG_0557.jpg\" alt=\"_MG_0557\" width=\"500\" height=\"333\" \/><p id=\"caption-attachment-1407\" class=\"wp-caption-text\"><em>Evento em homenagem a 78\u00aa Semana Brasileira de Enfermagem<\/em><\/p><\/div>\n<div id=\"attachment_1412\" style=\"width: 510px\" class=\"wp-caption aligncenter\"><img loading=\"lazy\" decoding=\"async\" aria-describedby=\"caption-attachment-1412\" class=\"wp-image-1412\" src=\"http:\/\/www.sindenfermeiro.com.br\/wp-content\/uploads\/2017\/05\/MG_0619.jpg\" alt=\"_MG_0619\" width=\"500\" height=\"333\" \/><p id=\"caption-attachment-1412\" class=\"wp-caption-text\"><em>SindEnfermeiro, representando a Frente \u00danica da Enfermagem, homenageia a aniversariante Joseth Rose, diretora de Enfermagem da Secretaria de Sa\u00fade do DF<\/em><\/p><\/div>\n<div id=\"attachment_1413\" style=\"width: 510px\" class=\"wp-caption aligncenter\"><img loading=\"lazy\" decoding=\"async\" aria-describedby=\"caption-attachment-1413\" class=\"wp-image-1413\" src=\"http:\/\/www.sindenfermeiro.com.br\/wp-content\/uploads\/2017\/05\/MG_0620.jpg\" alt=\"_MG_0620\" width=\"500\" height=\"333\" \/><p id=\"caption-attachment-1413\" class=\"wp-caption-text\"><em>Durante o evento, enfermeiras aproveitam para se filiar ao SindEnfermeiro-DF<\/em><\/p><\/div>\n<div id=\"attachment_1415\" style=\"width: 510px\" class=\"wp-caption aligncenter\"><img loading=\"lazy\" decoding=\"async\" aria-describedby=\"caption-attachment-1415\" class=\"wp-image-1415\" src=\"http:\/\/www.sindenfermeiro.com.br\/wp-content\/uploads\/2017\/05\/MG_0625.jpg\" alt=\"_MG_0625\" width=\"500\" height=\"333\" \/><p id=\"caption-attachment-1415\" class=\"wp-caption-text\"><em>Diretores do SindEnfemeiro, Dayse Amar\u00edlio e Adriano Lim\u00edrio com personagem em homenagem \u00e0 Nightingale <\/em><\/p><\/div>\n","protected":false},"excerpt":{"rendered":"<p>Na manh\u00e3 dessa quinta (11), o Sindicato dos Enfermeiros do Distrito Federal (SindEnfermeiro-DF) participou da Mesa de abertura de evento, realizado na Funda\u00e7\u00e3o de Ensino e Pesquisa em Ci\u00eancias da Sa\u00fade (Fepecs), em homenagem a 78\u00aa\u00a0Semana Brasileira de Enfermagem. Um ciclo de palestras voltadas para profissionais da enfermagem acontece na institui\u00e7\u00e3o. Durante a abertura, Dayse [&hellip;]<\/p>\n","protected":false},"author":6,"featured_media":1408,"comment_status":"closed","ping_status":"closed","sticky":false,"template":"","format":"standard","meta":{"footnotes":""},"categories":[6,2],"tags":[],"class_list":["post-1405","post","type-post","status-publish","format-standard","has-post-thumbnail","hentry","category-noticias","category-teste"],"_links":{"self":[{"href":"https:\/\/sindenfermeiro.com.br\/index.php\/wp-json\/wp\/v2\/posts\/1405","targetHints":{"allow":["GET"]}}],"collection":[{"href":"https:\/\/sindenfermeiro.com.br\/index.php\/wp-json\/wp\/v2\/posts"}],"about":[{"href":"https:\/\/sindenfermeiro.com.br\/index.php\/wp-json\/wp\/v2\/types\/post"}],"author":[{"embeddable":true,"href":"https:\/\/sindenfermeiro.com.br\/index.php\/wp-json\/wp\/v2\/users\/6"}],"replies":[{"embeddable":true,"href":"https:\/\/sindenfermeiro.com.br\/index.php\/wp-json\/wp\/v2\/comments?post=1405"}],"version-history":[{"count":1,"href":"https:\/\/sindenfermeiro.com.br\/index.php\/wp-json\/wp\/v2\/posts\/1405\/revisions"}],"predecessor-version":[{"id":33028,"href":"https:\/\/sindenfermeiro.com.br\/index.php\/wp-json\/wp\/v2\/posts\/1405\/revisions\/33028"}],"wp:featuredmedia":[{"embeddable":true,"href":"https:\/\/sindenfermeiro.com.br\/index.php\/wp-json\/"}],"wp:attachment":[{"href":"https:\/\/sindenfermeiro.com.br\/index.php\/wp-json\/wp\/v2\/media?parent=1405"}],"wp:term":[{"taxonomy":"category","embeddable":true,"href":"https:\/\/sindenfermeiro.com.br\/index.php\/wp-json\/wp\/v2\/categories?post=1405"},{"taxonomy":"post_tag","embeddable":true,"href":"https:\/\/sindenfermeiro.com.br\/index.php\/wp-json\/wp\/v2\/tags?post=1405"}],"curies":[{"name":"wp","href":"https:\/\/api.w.org\/{rel}","templated":true}]}}