{"id":1390,"date":"2017-05-03T20:21:23","date_gmt":"2017-05-03T20:21:23","guid":{"rendered":"http:\/\/www.sindenfermeiro.com.br\/?p=1390"},"modified":"2026-04-29T12:01:59","modified_gmt":"2026-04-29T15:01:59","slug":"comissao-do-senado-aprova-aposentadoria-especial-para-profissionais-de-enfermagem","status":"publish","type":"post","link":"https:\/\/sindenfermeiro.com.br\/index.php\/2017\/05\/03\/comissao-do-senado-aprova-aposentadoria-especial-para-profissionais-de-enfermagem\/","title":{"rendered":"Comiss\u00e3o do Senado aprova aposentadoria especial para profissionais de enfermagem"},"content":{"rendered":"<p style=\"text-align: justify\">A Comiss\u00e3o de Assuntos Sociais (CAS) do Senado aprovou, nessa quarta (3), o <a href=\"http:\/\/www25.senado.leg.br\/web\/atividade\/materias\/-\/materia\/126977\">PLS 349\/2016<\/a>, que concede aposentadoria especial para profissionais da enfermagem, por se tratar de atividade que lida com alta exposi\u00e7\u00e3o \u00e0 insalubridade, com risco f\u00edsico e biol\u00f3gico.<\/p>\n<p style=\"text-align: justify\">A mat\u00e9ria, que agora segue para an\u00e1lise do plen\u00e1rio da Casa, \u00e9 origin\u00e1ria de sugest\u00e3o feita pela Federa\u00e7\u00e3o Nacional dos Enfermeiros, apoiada pelo Sindicato dos Enfermeiros do Distrito Federal (SindEnfermeiro-DF) \u00e0 Comiss\u00e3o de Direitos Humanos e Legisla\u00e7\u00e3o Participativa (CDH) do Senado.<\/p>\n<p style=\"text-align: justify\">A proposi\u00e7\u00e3o estabelece 25 anos de tempo de contribui\u00e7\u00e3o na atividade de enfermagem para que o segurado possa ter acesso a totalidade da aposentadoria. \u201cO exerc\u00edcio da atividade de enfermagem por 25 anos evidencia a necessidade de aposentadoria especial, evitando expor esses trabalhadores a severos problemas de sa\u00fade\u201d, disse o relator da mat\u00e9ria na CAS, senador Paulo Paim (PT).<\/p>\n<div id=\"attachment_1392\" style=\"width: 510px\" class=\"wp-caption aligncenter\"><img loading=\"lazy\" decoding=\"async\" aria-describedby=\"caption-attachment-1392\" class=\"wp-image-1392\" src=\"http:\/\/www.sindenfermeiro.com.br\/wp-content\/uploads\/2017\/05\/34428030395_3bc0f872a0_z.jpg\" alt=\"No Senado, CAS aprova aposentadoria especial para profissionais de enfermagem (Foto: Senado Not\u00edcias)\" width=\"500\" height=\"333\" \/><p id=\"caption-attachment-1392\" class=\"wp-caption-text\"><em>No Senado, CAS aprova aposentadoria especial para profissionais de enfermagem (Foto: Edilson Rodrigues\/Ag\u00eancia Senado)<\/em><\/p><\/div>\n<p style=\"text-align: justify\">O senador tamb\u00e9m observou que a concess\u00e3o da aposentadoria especial para enfermeiros n\u00e3o se trata de despesa extra ao regime previdenci\u00e1rio. E sim, um direito contemplado, com amplo respaldo jur\u00eddico, pela evidente exposi\u00e7\u00e3o dos profissionais (que deve ser comprovada em per\u00edcia) \u00e0 ambientes e situa\u00e7\u00f5es de alto risco \u00e0 integridade f\u00edsica e biol\u00f3gica.<\/p>\n<p style=\"text-align: justify\">\u201cA aprova\u00e7\u00e3o desse PLS n\u00e3o representar\u00e1 despesa alguma para a previd\u00eancia porque esse benef\u00edcio j\u00e1 est\u00e1 contemplado. A pr\u00f3pria exposi\u00e7\u00e3o dos argumentos em sua justifica\u00e7\u00e3o, evidencia que se trata de um direito consolidado, reconhecido por in\u00fameros julgados do pr\u00f3prio poder judici\u00e1rio. N\u00e3o se trata portanto, de inova\u00e7\u00e3o ou cria\u00e7\u00e3o de novo benef\u00edcio. Apenas a confirma\u00e7\u00e3o daquilo que est\u00e1 previsto na legisla\u00e7\u00e3o de Regime Geral da Previd\u00eancia Social (RGPS)\u201d, afirmou Paim.<\/p>\n<p style=\"text-align: justify\">O senador e m\u00e9dico, Eduardo Amorim (PSDB-SE), refor\u00e7ou a necessidade da aposentadoria para profissionais de enfermagem, pelo fato de estarem expostos\u00a0a ambientes insalubres e com alto risco de contamina\u00e7\u00e3o.<\/p>\n<p style=\"text-align: justify\"><strong>Opine sobre o projeto<\/strong><\/p>\n<p style=\"text-align: justify\">Voc\u00ea pode opinar sobre o projeto atrav\u00e9s do link:\u00a0<a href=\"http:\/\/bit.ly\/PLS349-2016\">http:\/\/bit.ly\/PLS349-2016<\/a><\/p>\n","protected":false},"excerpt":{"rendered":"<p>A Comiss\u00e3o de Assuntos Sociais (CAS) do Senado aprovou, nessa quarta (3), o PLS 349\/2016, que concede aposentadoria especial para profissionais da enfermagem, por se tratar de atividade que lida com alta exposi\u00e7\u00e3o \u00e0 insalubridade, com risco f\u00edsico e biol\u00f3gico. A mat\u00e9ria, que agora segue para an\u00e1lise do plen\u00e1rio da Casa, \u00e9 origin\u00e1ria de sugest\u00e3o [&hellip;]<\/p>\n","protected":false},"author":6,"featured_media":1392,"comment_status":"closed","ping_status":"closed","sticky":false,"template":"","format":"standard","meta":{"footnotes":""},"categories":[6,2],"tags":[],"class_list":["post-1390","post","type-post","status-publish","format-standard","has-post-thumbnail","hentry","category-noticias","category-teste"],"_links":{"self":[{"href":"https:\/\/sindenfermeiro.com.br\/index.php\/wp-json\/wp\/v2\/posts\/1390","targetHints":{"allow":["GET"]}}],"collection":[{"href":"https:\/\/sindenfermeiro.com.br\/index.php\/wp-json\/wp\/v2\/posts"}],"about":[{"href":"https:\/\/sindenfermeiro.com.br\/index.php\/wp-json\/wp\/v2\/types\/post"}],"author":[{"embeddable":true,"href":"https:\/\/sindenfermeiro.com.br\/index.php\/wp-json\/wp\/v2\/users\/6"}],"replies":[{"embeddable":true,"href":"https:\/\/sindenfermeiro.com.br\/index.php\/wp-json\/wp\/v2\/comments?post=1390"}],"version-history":[{"count":1,"href":"https:\/\/sindenfermeiro.com.br\/index.php\/wp-json\/wp\/v2\/posts\/1390\/revisions"}],"predecessor-version":[{"id":33025,"href":"https:\/\/sindenfermeiro.com.br\/index.php\/wp-json\/wp\/v2\/posts\/1390\/revisions\/33025"}],"wp:featuredmedia":[{"embeddable":true,"href":"https:\/\/sindenfermeiro.com.br\/index.php\/wp-json\/"}],"wp:attachment":[{"href":"https:\/\/sindenfermeiro.com.br\/index.php\/wp-json\/wp\/v2\/media?parent=1390"}],"wp:term":[{"taxonomy":"category","embeddable":true,"href":"https:\/\/sindenfermeiro.com.br\/index.php\/wp-json\/wp\/v2\/categories?post=1390"},{"taxonomy":"post_tag","embeddable":true,"href":"https:\/\/sindenfermeiro.com.br\/index.php\/wp-json\/wp\/v2\/tags?post=1390"}],"curies":[{"name":"wp","href":"https:\/\/api.w.org\/{rel}","templated":true}]}}