{"id":1377,"date":"2017-05-02T20:58:20","date_gmt":"2017-05-02T20:58:20","guid":{"rendered":"http:\/\/www.sindenfermeiro.com.br\/?p=1377"},"modified":"2026-04-29T11:59:05","modified_gmt":"2026-04-29T14:59:05","slug":"gdf-anuncia-nomeacoes-mas-esta-longe-de-cumprir-lei-orcamentaria","status":"publish","type":"post","link":"https:\/\/sindenfermeiro.com.br\/index.php\/2017\/05\/02\/gdf-anuncia-nomeacoes-mas-esta-longe-de-cumprir-lei-orcamentaria\/","title":{"rendered":"GDF anuncia nomea\u00e7\u00f5es, mas est\u00e1 longe de cumprir Lei Or\u00e7ament\u00e1ria"},"content":{"rendered":"<p style=\"text-align: justify\">O Governo do Distrito Federal (GDF) anunciou, nesta ter\u00e7a-feira (2), a nomea\u00e7\u00e3o de 723 profissionais para a Secretaria de Sa\u00fade. Dentre os servidores que ser\u00e3o nomeados, 36 ser\u00e3o enfermeiros. No entanto, nomea\u00e7\u00f5es est\u00e3o longe de cumprir com o que foi aprovado na Lei Or\u00e7ament\u00e1ria \u2013 que previa a convoca\u00e7\u00e3o de 600 enfermeiros. De acordo com o Governo, a publica\u00e7\u00e3o das nomea\u00e7\u00f5es, no Di\u00e1rio Oficial do DF, deve acontecer at\u00e9 sexta (5).<\/p>\n<p style=\"text-align: justify\">Al\u00e9m dos 36 enfermeiros, o governador Rodrigo Rollemberg e o secret\u00e1rio de Sa\u00fade, Humberto Fonseca assumiram o compromisso de convocar (entre aprovados em concurso de 2014), 220 t\u00e9cnicos de enfermagem, 148 em higiene dental, 85 administrativos, 8 em radiologia, 7 em laborat\u00f3rio (patologia cl\u00ednica) \u2013 e 103 m\u00e9dicos.<\/p>\n<p style=\"text-align: justify\">Segundo o GDF, tamb\u00e9m ser\u00e3o convocados 30 auxiliares de opera\u00e7\u00f5es de servi\u00e7os diversos em farm\u00e1cia e anatomia patol\u00f3gica e 20 cirurgi\u00f5es-dentistas. Mais 66 convoca\u00e7\u00f5es ser\u00e3o dividias entre as categorias de assistentes sociais, biom\u00e9dicos, farmac\u00eauticos-bioqu\u00edmicos, fisioterapeutas, nutricionistas e psic\u00f3logos.<\/p>\n<p style=\"text-align: justify\">Ainda segundo o Executivo, a medida possibilitar\u00e1 a reabertura de 65 leitos de Unidade de Terapia Intensiva (UTI) em hospitais do Distrito Federal, al\u00e9m de refor\u00e7ar as equipes de Estrat\u00e9gia Sa\u00fade da Fam\u00edlia e outros servi\u00e7os como os de sa\u00fade mental.<\/p>\n<p style=\"text-align: justify\"><img loading=\"lazy\" decoding=\"async\" class=\"wp-image-673 aligncenter\" src=\"http:\/\/www.sindenfermeiro.com.br\/wp-content\/uploads\/2016\/12\/WhatsApp-Image-2016-12-05-at-12.59.41.jpeg\" alt=\"WhatsApp Image 2016-12-05 at 12.59.41\" width=\"500\" height=\"281\" \/><\/p>\n<p style=\"text-align: justify\"><strong>Convoca\u00e7\u00f5es n\u00e3o cobrem d\u00e9ficit<\/strong><\/p>\n<p style=\"text-align: justify\">A Lei de Diretriz Or\u00e7ament\u00e1ria (LDO) j\u00e1 previa a necessidade da convoca\u00e7\u00e3o de 600 enfermeiros e 1.500 t\u00e9cnicos de enfermagem.<\/p>\n<p style=\"text-align: justify\">A nomea\u00e7\u00e3o de 36 enfermeiros, anunciada nessa ter\u00e7a (2) pelo GDF, est\u00e1 absolutamente aqu\u00e9m do n\u00famero necess\u00e1rio para suprir o d\u00e9ficit da sa\u00fade no Distrito Federal. O que contribui para precariza\u00e7\u00e3o da assist\u00eancia e para o risco do paciente.<\/p>\n<p>&nbsp;<\/p>\n","protected":false},"excerpt":{"rendered":"<p>O Governo do Distrito Federal (GDF) anunciou, nesta ter\u00e7a-feira (2), a nomea\u00e7\u00e3o de 723 profissionais para a Secretaria de Sa\u00fade. Dentre os servidores que ser\u00e3o nomeados, 36 ser\u00e3o enfermeiros. No entanto, nomea\u00e7\u00f5es est\u00e3o longe de cumprir com o que foi aprovado na Lei Or\u00e7ament\u00e1ria \u2013 que previa a convoca\u00e7\u00e3o de 600 enfermeiros. De acordo com [&hellip;]<\/p>\n","protected":false},"author":6,"featured_media":673,"comment_status":"closed","ping_status":"closed","sticky":false,"template":"","format":"standard","meta":{"footnotes":""},"categories":[6,16,2],"tags":[],"class_list":["post-1377","post","type-post","status-publish","format-standard","has-post-thumbnail","hentry","category-noticias","category-processos","category-teste"],"_links":{"self":[{"href":"https:\/\/sindenfermeiro.com.br\/index.php\/wp-json\/wp\/v2\/posts\/1377","targetHints":{"allow":["GET"]}}],"collection":[{"href":"https:\/\/sindenfermeiro.com.br\/index.php\/wp-json\/wp\/v2\/posts"}],"about":[{"href":"https:\/\/sindenfermeiro.com.br\/index.php\/wp-json\/wp\/v2\/types\/post"}],"author":[{"embeddable":true,"href":"https:\/\/sindenfermeiro.com.br\/index.php\/wp-json\/wp\/v2\/users\/6"}],"replies":[{"embeddable":true,"href":"https:\/\/sindenfermeiro.com.br\/index.php\/wp-json\/wp\/v2\/comments?post=1377"}],"version-history":[{"count":1,"href":"https:\/\/sindenfermeiro.com.br\/index.php\/wp-json\/wp\/v2\/posts\/1377\/revisions"}],"predecessor-version":[{"id":29459,"href":"https:\/\/sindenfermeiro.com.br\/index.php\/wp-json\/wp\/v2\/posts\/1377\/revisions\/29459"}],"wp:featuredmedia":[{"embeddable":true,"href":"https:\/\/sindenfermeiro.com.br\/index.php\/wp-json\/"}],"wp:attachment":[{"href":"https:\/\/sindenfermeiro.com.br\/index.php\/wp-json\/wp\/v2\/media?parent=1377"}],"wp:term":[{"taxonomy":"category","embeddable":true,"href":"https:\/\/sindenfermeiro.com.br\/index.php\/wp-json\/wp\/v2\/categories?post=1377"},{"taxonomy":"post_tag","embeddable":true,"href":"https:\/\/sindenfermeiro.com.br\/index.php\/wp-json\/wp\/v2\/tags?post=1377"}],"curies":[{"name":"wp","href":"https:\/\/api.w.org\/{rel}","templated":true}]}}