{"id":1362,"date":"2017-05-02T19:26:11","date_gmt":"2017-05-02T19:26:11","guid":{"rendered":"http:\/\/www.sindenfermeiro.com.br\/?p=1362"},"modified":"2026-04-29T11:57:26","modified_gmt":"2026-04-29T14:57:26","slug":"i-encontro-de-auditoria-em-sistemas-e-servicos-de-saude","status":"publish","type":"post","link":"https:\/\/sindenfermeiro.com.br\/index.php\/2017\/05\/02\/i-encontro-de-auditoria-em-sistemas-e-servicos-de-saude\/","title":{"rendered":"I Encontro de Auditoria em Sistemas e Servi\u00e7os de Sa\u00fade"},"content":{"rendered":"<p style=\"text-align: justify\">O I Encontro de Auditoria em Sistemas e Servi\u00e7os de Sa\u00fade\u00a0acontece no pr\u00f3ximo dia 25 de maio, em Bras\u00edlia, com o objetivo de discutir quest\u00f5es relacionadas \u00e0 Auditoria em Sa\u00fade e seus impactos para o setor p\u00fablico e privado.<\/p>\n<p style=\"text-align: justify\">\u00c9 um evento t\u00e9cnico\u00a0direcionado\u00a0a profissionais de enfermagem, a gestores e outros profissionais de sa\u00fade e profissionais administrativos que atuam com auditoria de contas m\u00e9dicas na sa\u00fade suplementar e p\u00fablica.<\/p>\n<p style=\"text-align: justify\">O encontro reunir\u00e1\u00a0painelistas com importante experi\u00eancia no contexto da auditoria em sa\u00fade, atuantes no segmento p\u00fablico e privado, assim como acad\u00eamicos reconhecidos pela comunidade cient\u00edfica, al\u00e9m de representantes de entidades com afinidade ao tema que possam\u00a0contribuir \u00e0s discuss\u00f5es.<\/p>\n<p style=\"text-align: justify\">\n<p><strong>O evento busca discutir:<\/strong><\/p>\n<ol>\n<li>O Momento atual da Auditoria em Sistema de Sa\u00fade.<\/li>\n<li>O Financiamento do Sistema de Sa\u00fade e os impactos da Auditoria na Sustentabilidade do setor.<\/li>\n<li>A Forma\u00e7\u00e3o necess\u00e1ria para um bom profissional de Auditoria em Sistemas e Servi\u00e7os de Sa\u00fade.<\/li>\n<li>T\u00e9cnicas de Auditoria.<\/li>\n<\/ol>\n<p><strong>P\u00fablico-Alvo:<\/strong><\/p>\n<ul>\n<li>Profissionais de Enfermagem;<\/li>\n<li>Gestores da Sa\u00fade;<\/li>\n<li>Outros profissionais da sa\u00fade;<\/li>\n<li>Profissionais de \u00e1reas administrativas que atuam com auditoria de contas m\u00e9dicas.<\/li>\n<\/ul>\n<p><img loading=\"lazy\" decoding=\"async\" class=\" wp-image-1363 aligncenter\" src=\"http:\/\/www.sindenfermeiro.com.br\/wp-content\/uploads\/2017\/05\/WhatsApp-Image-2017-04-28-at-09.12.44.jpeg\" alt=\"WhatsApp Image 2017-04-28 at 09.12.44\" width=\"500\" height=\"500\" \/><\/p>\n<p>&nbsp;<\/p>\n<p style=\"text-align: left\"><strong>Inscri\u00e7\u00f5es:<\/strong><\/p>\n<p style=\"text-align: left\">R$ 100,00 \u2013 de 24\/4 a 5\/5<\/p>\n<p style=\"text-align: left\">R$ 125,00 \u2013 de 6\/5 a 15\/5<\/p>\n<p style=\"text-align: left\">R$ 150,00 de 16\/5 a 25\/5<\/p>\n<p style=\"text-align: left\"><strong>D\u00favidas e outras informa\u00e7\u00f5es:<\/strong><\/p>\n<p style=\"text-align: left\">Email: <a href=\"mailto:conex%C3%A3o@conexaohomecare.com\">conex\u00e3o@conexaohomecare.com<\/a><\/p>\n<p style=\"text-align: left\">Telefones: (61) 9 92816796 \/ 9 86419201<\/p>\n","protected":false},"excerpt":{"rendered":"<p>O I Encontro de Auditoria em Sistemas e Servi\u00e7os de Sa\u00fade\u00a0acontece no pr\u00f3ximo dia 25 de maio, em Bras\u00edlia, com o objetivo de discutir quest\u00f5es relacionadas \u00e0 Auditoria em Sa\u00fade e seus impactos para o setor p\u00fablico e privado. \u00c9 um evento t\u00e9cnico\u00a0direcionado\u00a0a profissionais de enfermagem, a gestores e outros profissionais de sa\u00fade e profissionais [&hellip;]<\/p>\n","protected":false},"author":6,"featured_media":1363,"comment_status":"closed","ping_status":"closed","sticky":false,"template":"","format":"standard","meta":{"footnotes":""},"categories":[6,2],"tags":[],"class_list":["post-1362","post","type-post","status-publish","format-standard","has-post-thumbnail","hentry","category-noticias","category-teste"],"_links":{"self":[{"href":"https:\/\/sindenfermeiro.com.br\/index.php\/wp-json\/wp\/v2\/posts\/1362","targetHints":{"allow":["GET"]}}],"collection":[{"href":"https:\/\/sindenfermeiro.com.br\/index.php\/wp-json\/wp\/v2\/posts"}],"about":[{"href":"https:\/\/sindenfermeiro.com.br\/index.php\/wp-json\/wp\/v2\/types\/post"}],"author":[{"embeddable":true,"href":"https:\/\/sindenfermeiro.com.br\/index.php\/wp-json\/wp\/v2\/users\/6"}],"replies":[{"embeddable":true,"href":"https:\/\/sindenfermeiro.com.br\/index.php\/wp-json\/wp\/v2\/comments?post=1362"}],"version-history":[{"count":1,"href":"https:\/\/sindenfermeiro.com.br\/index.php\/wp-json\/wp\/v2\/posts\/1362\/revisions"}],"predecessor-version":[{"id":33024,"href":"https:\/\/sindenfermeiro.com.br\/index.php\/wp-json\/wp\/v2\/posts\/1362\/revisions\/33024"}],"wp:featuredmedia":[{"embeddable":true,"href":"https:\/\/sindenfermeiro.com.br\/index.php\/wp-json\/"}],"wp:attachment":[{"href":"https:\/\/sindenfermeiro.com.br\/index.php\/wp-json\/wp\/v2\/media?parent=1362"}],"wp:term":[{"taxonomy":"category","embeddable":true,"href":"https:\/\/sindenfermeiro.com.br\/index.php\/wp-json\/wp\/v2\/categories?post=1362"},{"taxonomy":"post_tag","embeddable":true,"href":"https:\/\/sindenfermeiro.com.br\/index.php\/wp-json\/wp\/v2\/tags?post=1362"}],"curies":[{"name":"wp","href":"https:\/\/api.w.org\/{rel}","templated":true}]}}