{"id":1345,"date":"2017-04-28T20:30:47","date_gmt":"2017-04-28T20:30:47","guid":{"rendered":"http:\/\/www.sindenfermeiro.com.br\/?p=1345"},"modified":"2026-04-29T11:57:10","modified_gmt":"2026-04-29T14:57:10","slug":"sindenfermeiro-representa-a-enfermagem-do-df-na-greve-geral","status":"publish","type":"post","link":"https:\/\/sindenfermeiro.com.br\/index.php\/2017\/04\/28\/sindenfermeiro-representa-a-enfermagem-do-df-na-greve-geral\/","title":{"rendered":"SindEnfermeiro representa a Enfermagem do DF na Greve Geral"},"content":{"rendered":"<p style=\"text-align: justify\">O SindEnfermeiro representou a enfermagem do Distrito Federal nos atos de Greve Geral e manifesta\u00e7\u00e3o contra as reformas da previd\u00eancia e trabalhista, nessa sexta (28), na Esplanada dos Minist\u00e9rios. SindEnfermeiro, demais entidades sindicais e cidad\u00e3os tamb\u00e9m protestaram contra as medidas do Governo do Distrito Federal (GDF), que busca retirar direitos conquistados pelos trabalhadores com projetos como a privatiza\u00e7\u00e3o do Hospital de Base, cortes indevidos de sal\u00e1rios e a proposta da avalia\u00e7\u00e3o de desempenho, apresentada nessa \u00faltima semana \u00e0 C\u00e2mara Legislativa.<\/p>\n<p style=\"text-align: justify\">Em protesto pac\u00edfico, entidades sindicais de diversas categorias de trabalhadores protestaram e colocaram-se contra a aprova\u00e7\u00e3o das reformas da previd\u00eancia e trabalhista apresentadas pelo Governo Temer. Jorge Henrique, diretor do SindEnfermeiro chamou a aten\u00e7\u00e3o para o fim da aposentadoria digna, sugerida pelo Governo Federal e tamb\u00e9m repudiou as tentativas de privatiza\u00e7\u00e3o da Sa\u00fade p\u00fablica do DF.<\/p>\n<p style=\"text-align: justify\"><img loading=\"lazy\" decoding=\"async\" class=\" wp-image-1359 aligncenter\" src=\"http:\/\/www.sindenfermeiro.com.br\/wp-content\/uploads\/2017\/04\/MG_0443.jpg\" alt=\"_MG_0443\" width=\"500\" height=\"333\" \/><\/p>\n<p style=\"text-align: justify\">\u201cEstamos vendo um desmonte contra os direitos trabalhistas aqui no Brasil. Esse ato hoje, aqui no Distrito federal e em todo o Brasil, mostra que \u00e9 poss\u00edvel resistir, lutar e vencer. N\u00e3o vamos aceitar uma pol\u00edtica de privatiza\u00e7\u00e3o da Sa\u00fade que \u00e9 implementada pelo Governo Temer e pelo Governo Rollemberg, aqui no DF, com a implementa\u00e7\u00e3o das OSs e com a privatiza\u00e7\u00e3o do Hospital de Base\u201d disse Jorge.<\/p>\n<p style=\"text-align: justify\">O representante do SindEnfermeiro defendeu os direito do trabalhador da sa\u00fade a aposentadoria plena. \u201c\u00c9 inaceit\u00e1vel que o trabalhador da sa\u00fade tenha que trabalhar at\u00e9 a morte e n\u00e3o aproveite a aposentadoria que lhe \u00e9 de direito e foi conquistada com tanto suor ao longo do tempo\u201dcompletou.<\/p>\n<p style=\"text-align: justify\"><img loading=\"lazy\" decoding=\"async\" class=\" wp-image-1352 aligncenter\" src=\"http:\/\/www.sindenfermeiro.com.br\/wp-content\/uploads\/2017\/04\/MG_0345.jpg\" alt=\"_MG_0345\" width=\"500\" height=\"333\" \/><\/p>\n<p style=\"text-align: justify\"><strong>Mobiliza\u00e7\u00e3o<\/strong><\/p>\n<p style=\"text-align: justify\">O Eixo Monumental foi bloqueado pelas for\u00e7as de seguran\u00e7a nos dois sentidos, desde a meia-noite, na altura do Museu da Rep\u00fablica at\u00e9 o Congresso Nacional.<\/p>\n<p style=\"text-align: justify\">At\u00e9 o fim da manh\u00e3, a Pol\u00edcia Militar contabilizou mais de 3 mil manifestantes, na Esplanada.<\/p>\n<p style=\"text-align: justify\">A Secretaria de Seguran\u00e7a do DF estima mais de 10 mil pessoas nos protestos.<\/p>\n<p style=\"text-align: justify\"><img loading=\"lazy\" decoding=\"async\" class=\" wp-image-1357 aligncenter\" src=\"http:\/\/www.sindenfermeiro.com.br\/wp-content\/uploads\/2017\/04\/MG_0425.jpg\" alt=\"_MG_0425\" width=\"500\" height=\"333\" \/> <img loading=\"lazy\" decoding=\"async\" class=\" wp-image-1356 aligncenter\" src=\"http:\/\/www.sindenfermeiro.com.br\/wp-content\/uploads\/2017\/04\/MG_0402.jpg\" alt=\"_MG_0402\" width=\"500\" height=\"333\" \/> <img loading=\"lazy\" decoding=\"async\" class=\"wp-image-1355 aligncenter\" src=\"http:\/\/www.sindenfermeiro.com.br\/wp-content\/uploads\/2017\/04\/MG_0399.jpg\" alt=\"_MG_0399\" width=\"500\" height=\"333\" \/> <img loading=\"lazy\" decoding=\"async\" class=\" wp-image-1354 aligncenter\" src=\"http:\/\/www.sindenfermeiro.com.br\/wp-content\/uploads\/2017\/04\/MG_0362.jpg\" alt=\"_MG_0362\" width=\"500\" height=\"333\" \/> <img loading=\"lazy\" decoding=\"async\" class=\"wp-image-1353 aligncenter\" src=\"http:\/\/www.sindenfermeiro.com.br\/wp-content\/uploads\/2017\/04\/MG_0351.jpg\" alt=\"_MG_0351\" width=\"500\" height=\"333\" \/> <img loading=\"lazy\" decoding=\"async\" class=\" wp-image-1347 aligncenter\" src=\"http:\/\/www.sindenfermeiro.com.br\/wp-content\/uploads\/2017\/04\/MG_0295.jpg\" alt=\"_MG_0295\" width=\"500\" height=\"333\" \/> <img loading=\"lazy\" decoding=\"async\" class=\"wp-image-1346 aligncenter\" src=\"http:\/\/www.sindenfermeiro.com.br\/wp-content\/uploads\/2017\/04\/MG_0290.jpg\" alt=\"_MG_0290\" width=\"500\" height=\"333\" \/><\/p>\n<p style=\"text-align: justify\"><img loading=\"lazy\" decoding=\"async\" class=\" wp-image-1351 aligncenter\" src=\"http:\/\/www.sindenfermeiro.com.br\/wp-content\/uploads\/2017\/04\/MG_0333.jpg\" alt=\"_MG_0333\" width=\"500\" height=\"333\" \/><\/p>\n","protected":false},"excerpt":{"rendered":"<p>O SindEnfermeiro representou a enfermagem do Distrito Federal nos atos de Greve Geral e manifesta\u00e7\u00e3o contra as reformas da previd\u00eancia e trabalhista, nessa sexta (28), na Esplanada dos Minist\u00e9rios. SindEnfermeiro, demais entidades sindicais e cidad\u00e3os tamb\u00e9m protestaram contra as medidas do Governo do Distrito Federal (GDF), que busca retirar direitos conquistados pelos trabalhadores com projetos [&hellip;]<\/p>\n","protected":false},"author":6,"featured_media":1359,"comment_status":"closed","ping_status":"closed","sticky":false,"template":"","format":"standard","meta":{"footnotes":""},"categories":[6,16,2],"tags":[],"class_list":["post-1345","post","type-post","status-publish","format-standard","has-post-thumbnail","hentry","category-noticias","category-processos","category-teste"],"_links":{"self":[{"href":"https:\/\/sindenfermeiro.com.br\/index.php\/wp-json\/wp\/v2\/posts\/1345","targetHints":{"allow":["GET"]}}],"collection":[{"href":"https:\/\/sindenfermeiro.com.br\/index.php\/wp-json\/wp\/v2\/posts"}],"about":[{"href":"https:\/\/sindenfermeiro.com.br\/index.php\/wp-json\/wp\/v2\/types\/post"}],"author":[{"embeddable":true,"href":"https:\/\/sindenfermeiro.com.br\/index.php\/wp-json\/wp\/v2\/users\/6"}],"replies":[{"embeddable":true,"href":"https:\/\/sindenfermeiro.com.br\/index.php\/wp-json\/wp\/v2\/comments?post=1345"}],"version-history":[{"count":1,"href":"https:\/\/sindenfermeiro.com.br\/index.php\/wp-json\/wp\/v2\/posts\/1345\/revisions"}],"predecessor-version":[{"id":32853,"href":"https:\/\/sindenfermeiro.com.br\/index.php\/wp-json\/wp\/v2\/posts\/1345\/revisions\/32853"}],"wp:featuredmedia":[{"embeddable":true,"href":"https:\/\/sindenfermeiro.com.br\/index.php\/wp-json\/"}],"wp:attachment":[{"href":"https:\/\/sindenfermeiro.com.br\/index.php\/wp-json\/wp\/v2\/media?parent=1345"}],"wp:term":[{"taxonomy":"category","embeddable":true,"href":"https:\/\/sindenfermeiro.com.br\/index.php\/wp-json\/wp\/v2\/categories?post=1345"},{"taxonomy":"post_tag","embeddable":true,"href":"https:\/\/sindenfermeiro.com.br\/index.php\/wp-json\/wp\/v2\/tags?post=1345"}],"curies":[{"name":"wp","href":"https:\/\/api.w.org\/{rel}","templated":true}]}}