{"id":1334,"date":"2017-04-28T04:31:46","date_gmt":"2017-04-28T04:31:46","guid":{"rendered":"http:\/\/www.sindenfermeiro.com.br\/?p=1334"},"modified":"2026-04-29T11:58:57","modified_gmt":"2026-04-29T14:58:57","slug":"restricao-no-pronto-socorro-do-gama-visa-melhorar-assistencia","status":"publish","type":"post","link":"https:\/\/sindenfermeiro.com.br\/index.php\/2017\/04\/28\/restricao-no-pronto-socorro-do-gama-visa-melhorar-assistencia\/","title":{"rendered":"Restri\u00e7\u00e3o no pronto-socorro do Gama visa melhorar assist\u00eancia"},"content":{"rendered":"<p style=\"text-align: justify\"><strong><em>Hospital chegou a ter 210% de superlota\u00e7\u00e3o<\/em><\/strong><\/p>\n<p style=\"text-align: justify\">O Hospital Regional do Gama (HRG) passa por uma restri\u00e7\u00e3o no atendimento do pronto-socorro para que a superlota\u00e7\u00e3o n\u00e3o afete a assist\u00eancia prestada aos pacientes. A medida \u00e9 uma iniciativa da dire\u00e7\u00e3o, juntamente com a ger\u00eancia de enfermagem do hospital, no intuito de conseguir atender devidamente o cidad\u00e3o, mesmo diante da falta de recursos humanos imposta pela secretaria de sa\u00fade. Com isso, a orienta\u00e7\u00e3o \u00e9 que os paciente procurem as Unidades de Pronto Atendimento (UPA) do Recanto da Emas, de Samambaia, al\u00e9m de outros hospitais.<\/p>\n<p style=\"text-align: justify\">Os profissionais decidiram pelo contingenciamento depois que a superlota\u00e7\u00e3o no HRG chegou, na \u00faltima semana, a 210% acima do que o hospital suporta. Para atender a essa demanda, o HRG deveria ter uma capacidade 3 vezes maior &#8211; em superlota\u00e7\u00f5es como a da semana passada, 2 enfermeiros chegam a prestar assist\u00eancia para mais de 120 pacientes -.<\/p>\n<p style=\"text-align: justify\">Diante da situa\u00e7\u00e3o, a dire\u00e7\u00e3o e a ger\u00eancia do hospital se viram na necessidade de restringir o atendimento no pronto-socorro para conseguirem prestar uma assist\u00eancia digna ao cidad\u00e3o. \u201cTodo esse processo \u00e9 no intuito de melhorar a assist\u00eancia para o usu\u00e1rio. N\u00e3o adianta o usu\u00e1rio ser atendido e n\u00e3o conseguirmos assisti-lo aqui dentro. A gente quer que ele seja assistido e saia daqui bem e vivo. Do jeito que estava, n\u00e3o t\u00ednhamos condi\u00e7\u00f5es de fazer isso\u201d, explica a ger\u00eancia de enfermagem do hospital. \u201c\u00c9 um movimento para mudar. N\u00e3o \u00e9 fechar por fechar. Estamos reorganizando o servi\u00e7o para dar uma assist\u00eancia de qualidade e n\u00e3o de qualquer maneira para o usu\u00e1rio\u201d, completa.<\/p>\n<p style=\"text-align: justify\">A Lei de Diretriz Or\u00e7ament\u00e1ria (LDO), aprovada para 2016, j\u00e1 previa a necessidade da convoca\u00e7\u00e3o de 600 enfermeiros e 1.500 t\u00e9cnicos de enfermagem. Apenas 12 enfermeiros foram chamados, pela Secretaria de Sa\u00fade, para suprir o d\u00e9ficit. O que contribui para a precarizac\u00e3o da assist\u00eancia e para o risco do paciente. Diante dessa situa\u00e7\u00e3o, servidores procuram reorganizar os fluxos de atendimento em hospitais como o do Gama, para conseguirem atender os usu\u00e1rios e prestarem a assist\u00eancia devida.<\/p>\n<p style=\"text-align: justify\">O diretor do Sindicato dos Enfermeiros do Distrito Federal, Tarc\u00edsio Faria afirmou que o sindicato entregar\u00e1 um documento \u00e0 Secretaria de Sa\u00fade, solicitando a convoca\u00e7\u00e3o de novos servidores para cobrir a demanda excedente no hospital do Gama. Tarc\u00edsio\u00a0tamb\u00e9m\u00a0repudiou a cria\u00e7\u00e3o do Instituto Hospital de Base como manobra para cobrir o d\u00e9ficit de pessoal nas regionais, diante da privatiza\u00e7\u00e3o do hospital.<\/p>\n<div id=\"attachment_1336\" style=\"width: 510px\" class=\"wp-caption aligncenter\"><img loading=\"lazy\" decoding=\"async\" aria-describedby=\"caption-attachment-1336\" class=\"wp-image-1336\" src=\"http:\/\/www.sindenfermeiro.com.br\/wp-content\/uploads\/2017\/04\/MG_0195.jpg\" alt=\"_MG_0195\" width=\"500\" height=\"333\" \/><p id=\"caption-attachment-1336\" class=\"wp-caption-text\"><em>Profissionais conversam com diretores do SindEnfermeiro sobre superlota\u00e7\u00f5es no Hospital do Gama <\/em><\/p><\/div>\n<div id=\"attachment_1335\" style=\"width: 513px\" class=\"wp-caption aligncenter\"><img loading=\"lazy\" decoding=\"async\" aria-describedby=\"caption-attachment-1335\" class=\"wp-image-1335\" src=\"http:\/\/www.sindenfermeiro.com.br\/wp-content\/uploads\/2017\/04\/MG_0168.jpg\" alt=\"_MG_0168\" width=\"503\" height=\"335\" \/><p id=\"caption-attachment-1335\" class=\"wp-caption-text\"><em>Ger\u00eancia de enfermagem do HRG explica plano de contingenciamento, em prol da melhoria da assist\u00eancia prestada<\/em><\/p><\/div>\n<div id=\"attachment_1339\" style=\"width: 510px\" class=\"wp-caption aligncenter\"><img loading=\"lazy\" decoding=\"async\" aria-describedby=\"caption-attachment-1339\" class=\"wp-image-1339\" src=\"http:\/\/www.sindenfermeiro.com.br\/wp-content\/uploads\/2017\/04\/MG_0262.jpg\" alt=\"_MG_0262\" width=\"500\" height=\"333\" \/><p id=\"caption-attachment-1339\" class=\"wp-caption-text\"><em>Deputado Wasny de Roure (PT) participa de reuni\u00e3o entre sindicatos e dire\u00e7\u00e3o do HRG<\/em><\/p><\/div>\n<div id=\"attachment_1340\" style=\"width: 510px\" class=\"wp-caption aligncenter\"><img loading=\"lazy\" decoding=\"async\" aria-describedby=\"caption-attachment-1340\" class=\"wp-image-1340\" src=\"http:\/\/www.sindenfermeiro.com.br\/wp-content\/uploads\/2017\/04\/MG_0266.jpg\" alt=\"_MG_0266\" width=\"500\" height=\"333\" \/><p id=\"caption-attachment-1340\" class=\"wp-caption-text\"><em>SindEnfermeiro, em visita ao Hospital Regional do Gama<\/em><\/p><\/div>\n<p>&nbsp;<\/p>\n","protected":false},"excerpt":{"rendered":"<p>Hospital chegou a ter 210% de superlota\u00e7\u00e3o O Hospital Regional do Gama (HRG) passa por uma restri\u00e7\u00e3o no atendimento do pronto-socorro para que a superlota\u00e7\u00e3o n\u00e3o afete a assist\u00eancia prestada aos pacientes. A medida \u00e9 uma iniciativa da dire\u00e7\u00e3o, juntamente com a ger\u00eancia de enfermagem do hospital, no intuito de conseguir atender devidamente o cidad\u00e3o, [&hellip;]<\/p>\n","protected":false},"author":6,"featured_media":1336,"comment_status":"closed","ping_status":"closed","sticky":false,"template":"","format":"standard","meta":{"footnotes":""},"categories":[6,2],"tags":[],"class_list":["post-1334","post","type-post","status-publish","format-standard","has-post-thumbnail","hentry","category-noticias","category-teste"],"_links":{"self":[{"href":"https:\/\/sindenfermeiro.com.br\/index.php\/wp-json\/wp\/v2\/posts\/1334","targetHints":{"allow":["GET"]}}],"collection":[{"href":"https:\/\/sindenfermeiro.com.br\/index.php\/wp-json\/wp\/v2\/posts"}],"about":[{"href":"https:\/\/sindenfermeiro.com.br\/index.php\/wp-json\/wp\/v2\/types\/post"}],"author":[{"embeddable":true,"href":"https:\/\/sindenfermeiro.com.br\/index.php\/wp-json\/wp\/v2\/users\/6"}],"replies":[{"embeddable":true,"href":"https:\/\/sindenfermeiro.com.br\/index.php\/wp-json\/wp\/v2\/comments?post=1334"}],"version-history":[{"count":1,"href":"https:\/\/sindenfermeiro.com.br\/index.php\/wp-json\/wp\/v2\/posts\/1334\/revisions"}],"predecessor-version":[{"id":29980,"href":"https:\/\/sindenfermeiro.com.br\/index.php\/wp-json\/wp\/v2\/posts\/1334\/revisions\/29980"}],"wp:featuredmedia":[{"embeddable":true,"href":"https:\/\/sindenfermeiro.com.br\/index.php\/wp-json\/"}],"wp:attachment":[{"href":"https:\/\/sindenfermeiro.com.br\/index.php\/wp-json\/wp\/v2\/media?parent=1334"}],"wp:term":[{"taxonomy":"category","embeddable":true,"href":"https:\/\/sindenfermeiro.com.br\/index.php\/wp-json\/wp\/v2\/categories?post=1334"},{"taxonomy":"post_tag","embeddable":true,"href":"https:\/\/sindenfermeiro.com.br\/index.php\/wp-json\/wp\/v2\/tags?post=1334"}],"curies":[{"name":"wp","href":"https:\/\/api.w.org\/{rel}","templated":true}]}}