{"id":1328,"date":"2017-04-27T20:23:51","date_gmt":"2017-04-27T20:23:51","guid":{"rendered":"http:\/\/www.sindenfermeiro.com.br\/?p=1328"},"modified":"2026-04-29T11:57:57","modified_gmt":"2026-04-29T14:57:57","slug":"atendimento-suspenso-em-funcao-da-greve-geral-nessa-sexta-28","status":"publish","type":"post","link":"https:\/\/sindenfermeiro.com.br\/index.php\/2017\/04\/27\/atendimento-suspenso-em-funcao-da-greve-geral-nessa-sexta-28\/","title":{"rendered":"Atendimento suspenso em fun\u00e7\u00e3o da greve geral nessa sexta (28)"},"content":{"rendered":"<p>O Sindicato dos Enfermeiros do Distrito Federal (SindEnfermeiro-DF) n\u00e3o ter\u00e1 atendimento nessa sexta (28), em fun\u00e7\u00e3o da Greve Geral contra a retirada de direitos do trabalhador.<\/p>\n<p>Juntos Somos Mais Fortes<\/p>\n<p><img loading=\"lazy\" decoding=\"async\" class=\" wp-image-1329 aligncenter\" src=\"http:\/\/www.sindenfermeiro.com.br\/wp-content\/uploads\/2017\/04\/WPP_11-900x900.png\" alt=\"WPP_11\" width=\"315\" height=\"315\" \/><\/p>\n","protected":false},"excerpt":{"rendered":"<p>O Sindicato dos Enfermeiros do Distrito Federal (SindEnfermeiro-DF) n\u00e3o ter\u00e1 atendimento nessa sexta (28), em fun\u00e7\u00e3o da Greve Geral contra a retirada de direitos do trabalhador. Juntos Somos Mais Fortes<\/p>\n","protected":false},"author":6,"featured_media":1329,"comment_status":"closed","ping_status":"closed","sticky":false,"template":"","format":"standard","meta":{"footnotes":""},"categories":[6,2],"tags":[],"class_list":["post-1328","post","type-post","status-publish","format-standard","has-post-thumbnail","hentry","category-noticias","category-teste"],"_links":{"self":[{"href":"https:\/\/sindenfermeiro.com.br\/index.php\/wp-json\/wp\/v2\/posts\/1328","targetHints":{"allow":["GET"]}}],"collection":[{"href":"https:\/\/sindenfermeiro.com.br\/index.php\/wp-json\/wp\/v2\/posts"}],"about":[{"href":"https:\/\/sindenfermeiro.com.br\/index.php\/wp-json\/wp\/v2\/types\/post"}],"author":[{"embeddable":true,"href":"https:\/\/sindenfermeiro.com.br\/index.php\/wp-json\/wp\/v2\/users\/6"}],"replies":[{"embeddable":true,"href":"https:\/\/sindenfermeiro.com.br\/index.php\/wp-json\/wp\/v2\/comments?post=1328"}],"version-history":[{"count":1,"href":"https:\/\/sindenfermeiro.com.br\/index.php\/wp-json\/wp\/v2\/posts\/1328\/revisions"}],"predecessor-version":[{"id":29430,"href":"https:\/\/sindenfermeiro.com.br\/index.php\/wp-json\/wp\/v2\/posts\/1328\/revisions\/29430"}],"wp:featuredmedia":[{"embeddable":true,"href":"https:\/\/sindenfermeiro.com.br\/index.php\/wp-json\/"}],"wp:attachment":[{"href":"https:\/\/sindenfermeiro.com.br\/index.php\/wp-json\/wp\/v2\/media?parent=1328"}],"wp:term":[{"taxonomy":"category","embeddable":true,"href":"https:\/\/sindenfermeiro.com.br\/index.php\/wp-json\/wp\/v2\/categories?post=1328"},{"taxonomy":"post_tag","embeddable":true,"href":"https:\/\/sindenfermeiro.com.br\/index.php\/wp-json\/wp\/v2\/tags?post=1328"}],"curies":[{"name":"wp","href":"https:\/\/api.w.org\/{rel}","templated":true}]}}