{"id":1323,"date":"2017-04-27T20:10:42","date_gmt":"2017-04-27T20:10:42","guid":{"rendered":"http:\/\/www.sindenfermeiro.com.br\/?p=1323"},"modified":"2026-04-29T11:57:57","modified_gmt":"2026-04-29T14:57:57","slug":"orientacoes-para-greve-geral-28-de-abril-sexta","status":"publish","type":"post","link":"https:\/\/sindenfermeiro.com.br\/index.php\/2017\/04\/27\/orientacoes-para-greve-geral-28-de-abril-sexta\/","title":{"rendered":"Orienta\u00e7\u00f5es para a Greve Geral"},"content":{"rendered":"<p><strong>ORIENTA\u00c7\u00d5ES PARA GREVE GERAL \u2013 28 DE ABRIL (SEXTA)<\/strong><\/p>\n<div class=\"text_exposed_show\"><\/div>\n<div class=\"text_exposed_show\">1 &#8211; Vestir-se de PRETO<\/div>\n<div class=\"text_exposed_show\"><\/div>\n<div class=\"text_exposed_show\">2 \u2013 PARALISAR as atividades por UMA HORA (das 9h \u00e0s 10h) e dirigir-se para frente do hospital ou posto de sa\u00fade explicar o caos da sa\u00fade para a popula\u00e7\u00e3o<\/div>\n<div class=\"text_exposed_show\"><\/div>\n<div class=\"text_exposed_show\">3 &#8211; Gravar v\u00eddeos mostrando a REALIDADE DO SEU LOCAL DE TRABALHO<\/div>\n<div class=\"text_exposed_show\"><\/div>\n<div class=\"text_exposed_show\">4 \u2013 ENVIE SEU V\u00cdDEO para o email ascomsindenfermeirodf@gmail.com (postaremos como an\u00f4nimo) OU PUBLIQUE com a HASHTAG #JuntosSomosMaisFortes, em suas redes sociais<\/div>\n<div class=\"text_exposed_show\"><\/div>\n<div class=\"text_exposed_show\">5 \u2013 PARTICIPAR DO ATO convocado pelas centrais sindicais e movimentos sociais, no GRAMADO DA RODOVI\u00c1RIA DO PLANO PILOTO, \u00c0S 11H.<\/div>\n<div class=\"text_exposed_show\"><\/div>\n<div class=\"text_exposed_show\">LUTE E RESISTA!<\/div>\n<div class=\"text_exposed_show\"><\/div>\n<div class=\"text_exposed_show\">#JuntosSomosMaisFortes<\/div>\n<p><img loading=\"lazy\" decoding=\"async\" class=\"alignnone size-medium wp-image-1324\" src=\"http:\/\/www.sindenfermeiro.com.br\/wp-content\/uploads\/2017\/04\/frente-643x900.jpg\" alt=\"frente\" width=\"643\" height=\"900\" \/> <img loading=\"lazy\" decoding=\"async\" class=\"alignnone size-medium wp-image-1325\" src=\"http:\/\/www.sindenfermeiro.com.br\/wp-content\/uploads\/2017\/04\/verso-643x900.jpg\" alt=\"verso\" width=\"643\" height=\"900\" \/><\/p>\n","protected":false},"excerpt":{"rendered":"<p>ORIENTA\u00c7\u00d5ES PARA GREVE GERAL \u2013 28 DE ABRIL (SEXTA) 1 &#8211; Vestir-se de PRETO 2 \u2013 PARALISAR as atividades por UMA HORA (das 9h \u00e0s 10h) e dirigir-se para frente do hospital ou posto de sa\u00fade explicar o caos da sa\u00fade para a popula\u00e7\u00e3o 3 &#8211; Gravar v\u00eddeos mostrando a REALIDADE DO SEU LOCAL DE [&hellip;]<\/p>\n","protected":false},"author":6,"featured_media":1332,"comment_status":"closed","ping_status":"closed","sticky":false,"template":"","format":"standard","meta":{"footnotes":""},"categories":[6,2],"tags":[],"class_list":["post-1323","post","type-post","status-publish","format-standard","has-post-thumbnail","hentry","category-noticias","category-teste"],"_links":{"self":[{"href":"https:\/\/sindenfermeiro.com.br\/index.php\/wp-json\/wp\/v2\/posts\/1323","targetHints":{"allow":["GET"]}}],"collection":[{"href":"https:\/\/sindenfermeiro.com.br\/index.php\/wp-json\/wp\/v2\/posts"}],"about":[{"href":"https:\/\/sindenfermeiro.com.br\/index.php\/wp-json\/wp\/v2\/types\/post"}],"author":[{"embeddable":true,"href":"https:\/\/sindenfermeiro.com.br\/index.php\/wp-json\/wp\/v2\/users\/6"}],"replies":[{"embeddable":true,"href":"https:\/\/sindenfermeiro.com.br\/index.php\/wp-json\/wp\/v2\/comments?post=1323"}],"version-history":[{"count":1,"href":"https:\/\/sindenfermeiro.com.br\/index.php\/wp-json\/wp\/v2\/posts\/1323\/revisions"}],"predecessor-version":[{"id":17360,"href":"https:\/\/sindenfermeiro.com.br\/index.php\/wp-json\/wp\/v2\/posts\/1323\/revisions\/17360"}],"wp:featuredmedia":[{"embeddable":true,"href":"https:\/\/sindenfermeiro.com.br\/index.php\/wp-json\/"}],"wp:attachment":[{"href":"https:\/\/sindenfermeiro.com.br\/index.php\/wp-json\/wp\/v2\/media?parent=1323"}],"wp:term":[{"taxonomy":"category","embeddable":true,"href":"https:\/\/sindenfermeiro.com.br\/index.php\/wp-json\/wp\/v2\/categories?post=1323"},{"taxonomy":"post_tag","embeddable":true,"href":"https:\/\/sindenfermeiro.com.br\/index.php\/wp-json\/wp\/v2\/tags?post=1323"}],"curies":[{"name":"wp","href":"https:\/\/api.w.org\/{rel}","templated":true}]}}