{"id":1307,"date":"2017-04-25T13:28:36","date_gmt":"2017-04-25T13:28:36","guid":{"rendered":"http:\/\/www.sindenfermeiro.com.br\/?p=1307"},"modified":"2026-04-29T10:33:39","modified_gmt":"2026-04-29T13:33:39","slug":"greve-geral-no-df-resistencia-aos-ataques-do-governo-rollemberg","status":"publish","type":"post","link":"https:\/\/sindenfermeiro.com.br\/index.php\/2017\/04\/25\/greve-geral-no-df-resistencia-aos-ataques-do-governo-rollemberg\/","title":{"rendered":"Greve Geral no DF &#8211; Resist\u00eancia aos ataques do governo Rollemberg"},"content":{"rendered":"<p style=\"text-align: justify\"><span style=\"font-size: 10pt\">Por Jorge Henrique, diretor do SindEnfermeiro \/ Ascom<\/span><\/p>\n<p style=\"text-align: justify\">As manifesta\u00e7\u00f5es que levaram milhares de trabalhadores \u00e0s ruas em todo o Brasil \u2013 no m\u00eas de mar\u00e7o &#8211; mostraram a disposi\u00e7\u00e3o de luta dos trabalhadores contra as reformas da previd\u00eancia e trabalhista. A lei da terceiriza\u00e7\u00e3o, sancionada no dia 31 de mar\u00e7o, tamb\u00e9m despertou indigna\u00e7\u00e3o em toda a popula\u00e7\u00e3o.<\/p>\n<p style=\"text-align: justify\">Como parte do calend\u00e1rio de lutas contra as reformas propostas pelo Governo Temer, as centrais sindicais (CSP-Conlutas, CGTB, CSB, CTB, CUT, For\u00e7a Sindical, Intersindical, NCST e UGT), os movimentos sociais e a juventude convocam uma greve geral para o dia 28 de abril, em todo o Brasil. A luta dos trabalhadores \u00e9 a express\u00e3o da indigna\u00e7\u00e3o popular \u00e0 tentativa do Governo de retirar direitos hist\u00f3ricos. Essa disposi\u00e7\u00e3o de lutar mostra que \u00e9 poss\u00edvel derrotar Temer e suas reformas.<\/p>\n<p style=\"text-align: justify\">De acordo com o Ibope (em pesquisa encomendada pela Confedera\u00e7\u00e3o Nacional da Ind\u00fastria e publicada no fim de mar\u00e7o), 79% da popula\u00e7\u00e3o n\u00e3o confia em Temer. O Congresso Nacional (que possui 71 parlamentares listados por Fachin, em pedidos de inqu\u00e9ritos da Lava-Jato) tamb\u00e9m n\u00e3o possui respaldo algum para legislar pelo povo brasileiro.<\/p>\n<p style=\"text-align: justify\"><img loading=\"lazy\" decoding=\"async\" class=\" wp-image-1308 aligncenter\" src=\"http:\/\/www.sindenfermeiro.com.br\/wp-content\/uploads\/2017\/04\/WPP_9-900x900.png\" alt=\"WPP_9\" width=\"400\" height=\"400\" \/><\/p>\n<p style=\"text-align: justify\"><strong>Tudo come\u00e7a pela capital do pa\u00eds<\/strong><\/p>\n<p style=\"text-align: justify\">Para al\u00e9m da luta contra esse governo ileg\u00edtimo, precisamos nos organizar nos estados e munic\u00edpios. Os mesmos planos do Governo Federal est\u00e3o sendo adotados por governantes e legisladores locais.<\/p>\n<p style=\"text-align: justify\">A gest\u00e3o de Rodrigo Rollemberg (PSB), no Distrito Federal, n\u00e3o \u00e9 diferente. Desde o in\u00edcio de seu governo, Rollemberg ataca os direitos dos trabalhadores. Passaram-se dois anos de mandato e o governador ainda n\u00e3o pagou a \u00faltima parcela do reajuste conquistado em 2013 pelos servidores. O governador do DF adota medidas de reequil\u00edbrio fiscal que, na verdade, retiram direitos dos trabalhadores, aumentam os impostos e imp\u00f5em reajustes de tarifas do transporte p\u00fablico. Paralelamente, o Governo do Distrito Federal beneficia empres\u00e1rios com ren\u00fancias fiscais e prioriza o pagamento da d\u00edvida p\u00fablica.<\/p>\n<p style=\"text-align: justify\">A tentativa de entregar a gest\u00e3o dos servi\u00e7os de sa\u00fade para a iniciativa privada &#8211; inicialmente com as Organiza\u00e7\u00f5es Sociais (OS) e agora com a proposta do Instituto Hospital de Base \u2013 \u00e9 uma postura baseada nas propostas destrutivas do Governo Federal. O projeto de retirada das gratifica\u00e7\u00f5es dos servidores, al\u00e9m da suspens\u00e3o de concursos p\u00fablicos e do descumprimento dos reajustes salariais somam-se \u00e0s iniciativas de Governos que trabalharam para deteriorar as condi\u00e7\u00f5es de trabalho. Demiss\u00f5es de servidores p\u00fablicos tamb\u00e9m fazem parte do enredo desses governantes.<\/p>\n<p style=\"text-align: justify\">Rollemberg j\u00e1 afirmou que os servidores p\u00fablicos do DF ir\u00e3o precisar de reforma espec\u00edfica para mudan\u00e7as nas regras de aposentadoria. O que significa que n\u00e3o estamos livres das perdas de direitos previdenci\u00e1rios.<\/p>\n<p style=\"text-align: justify\"><strong>Greve Geral<\/strong><\/p>\n<p style=\"text-align: justify\">Em todo o DF ocorrem lutas contra o governo autorit\u00e1rio de Rollemberg. Em escolas, bairros, hospitais e ruas, os trabalhadores resistem aos ataques. Mas \u00e9 preciso unificar a luta de professores &#8211; que estavam em greve -, metrovi\u00e1rios, rodovi\u00e1rios, terceirizados, e trabalhadores da sa\u00fade, que lutam contra a privatiza\u00e7\u00e3o do Hospital de Base.<\/p>\n<p style=\"text-align: justify\">Precisamos dessa uni\u00e3o para construir a base forte de mobiliza\u00e7\u00e3o rumo \u00e0 Greve Geral, aqui no DF. Voc\u00ea, cidad\u00e3o brasileiro, pare por uma hora o seu trabalho, no dia 28 de Abril (sexta). Vista-se de preto e converse com as pessoas sobre essas propostas que assombram o pa\u00eds. Lute e Resista!<\/p>\n<p style=\"text-align: justify\">Juntos Somos Mais Fortes!<\/p>\n","protected":false},"excerpt":{"rendered":"<p>Por Jorge Henrique, diretor do SindEnfermeiro \/ Ascom As manifesta\u00e7\u00f5es que levaram milhares de trabalhadores \u00e0s ruas em todo o Brasil \u2013 no m\u00eas de mar\u00e7o &#8211; mostraram a disposi\u00e7\u00e3o de luta dos trabalhadores contra as reformas da previd\u00eancia e trabalhista. A lei da terceiriza\u00e7\u00e3o, sancionada no dia 31 de mar\u00e7o, tamb\u00e9m despertou indigna\u00e7\u00e3o em [&hellip;]<\/p>\n","protected":false},"author":6,"featured_media":1308,"comment_status":"closed","ping_status":"closed","sticky":false,"template":"","format":"standard","meta":{"footnotes":""},"categories":[6,2],"tags":[],"class_list":["post-1307","post","type-post","status-publish","format-standard","has-post-thumbnail","hentry","category-noticias","category-teste"],"_links":{"self":[{"href":"https:\/\/sindenfermeiro.com.br\/index.php\/wp-json\/wp\/v2\/posts\/1307","targetHints":{"allow":["GET"]}}],"collection":[{"href":"https:\/\/sindenfermeiro.com.br\/index.php\/wp-json\/wp\/v2\/posts"}],"about":[{"href":"https:\/\/sindenfermeiro.com.br\/index.php\/wp-json\/wp\/v2\/types\/post"}],"author":[{"embeddable":true,"href":"https:\/\/sindenfermeiro.com.br\/index.php\/wp-json\/wp\/v2\/users\/6"}],"replies":[{"embeddable":true,"href":"https:\/\/sindenfermeiro.com.br\/index.php\/wp-json\/wp\/v2\/comments?post=1307"}],"version-history":[{"count":1,"href":"https:\/\/sindenfermeiro.com.br\/index.php\/wp-json\/wp\/v2\/posts\/1307\/revisions"}],"predecessor-version":[{"id":36819,"href":"https:\/\/sindenfermeiro.com.br\/index.php\/wp-json\/wp\/v2\/posts\/1307\/revisions\/36819"}],"wp:featuredmedia":[{"embeddable":true,"href":"https:\/\/sindenfermeiro.com.br\/index.php\/wp-json\/"}],"wp:attachment":[{"href":"https:\/\/sindenfermeiro.com.br\/index.php\/wp-json\/wp\/v2\/media?parent=1307"}],"wp:term":[{"taxonomy":"category","embeddable":true,"href":"https:\/\/sindenfermeiro.com.br\/index.php\/wp-json\/wp\/v2\/categories?post=1307"},{"taxonomy":"post_tag","embeddable":true,"href":"https:\/\/sindenfermeiro.com.br\/index.php\/wp-json\/wp\/v2\/tags?post=1307"}],"curies":[{"name":"wp","href":"https:\/\/api.w.org\/{rel}","templated":true}]}}