{"id":1302,"date":"2017-04-24T21:22:59","date_gmt":"2017-04-24T21:22:59","guid":{"rendered":"http:\/\/www.sindenfermeiro.com.br\/?p=1302"},"modified":"2026-04-29T12:16:12","modified_gmt":"2026-04-29T15:16:12","slug":"sindenfermeiro-reune-se-com-relator-de-projeto-do-instituto-hospital-de-base-deputado-juarezao","status":"publish","type":"post","link":"https:\/\/sindenfermeiro.com.br\/index.php\/2017\/04\/24\/sindenfermeiro-reune-se-com-relator-de-projeto-do-instituto-hospital-de-base-deputado-juarezao\/","title":{"rendered":"SindEnfermeiro re\u00fane-se com relator de projeto do Instituto Hospital de Base, deputado Juarez\u00e3o"},"content":{"rendered":"<p style=\"text-align: justify\">O Sindicato dos Enfermeiros do Distrito Federal reuniu-se, nessa segunda (24) com o deputado Juarez\u00e3o (PSB) para tratar de assuntos como projeto do Instituto Hospital de Base, descontos em virtude de paralisa\u00e7\u00e3o, horas-extras e gratifica\u00e7\u00e3o por t\u00edtulos (GTIT).<\/p>\n<p style=\"text-align: justify\">Os diretores do SindEnfermeiro Tarc\u00edsio Faria e Marcio Da Mata cobraram o deputado no que se refere \u00e0s horas-extras e aos descontos, feitos pelo GDF, por conta das paralisa\u00e7\u00f5es dos dias 7, 17, 26 de outubro, 3 e 10 de novembro de 2016. O Sindicato dos Enfermeiros tamb\u00e9m se posicionou contra a implementa\u00e7\u00e3o do Instituto Hospital de Base.<\/p>\n<p style=\"text-align: justify\">Juarez\u00e3o se comprometeu a levar as demandas feitas pelo SindEnfermeiro ao secret\u00e1rio de sa\u00fade, Humberto Fonseca. O deputado assumiu o compromisso de ouvir as propostas e as reivindica\u00e7\u00f5es dos servidores da sa\u00fade.<\/p>\n<p style=\"text-align: justify\"><img loading=\"lazy\" decoding=\"async\" class=\" wp-image-1303 aligncenter\" src=\"http:\/\/www.sindenfermeiro.com.br\/wp-content\/uploads\/2017\/04\/MG_0062.jpg\" alt=\"_MG_0062\" width=\"500\" height=\"333\" \/> <img loading=\"lazy\" decoding=\"async\" class=\" wp-image-1304 aligncenter\" src=\"http:\/\/www.sindenfermeiro.com.br\/wp-content\/uploads\/2017\/04\/MG_0073.jpg\" alt=\"_MG_0073\" width=\"500\" height=\"333\" \/> <img loading=\"lazy\" decoding=\"async\" class=\" wp-image-1305 aligncenter\" src=\"http:\/\/www.sindenfermeiro.com.br\/wp-content\/uploads\/2017\/04\/MG_0112.jpg\" alt=\"_MG_0112\" width=\"500\" height=\"333\" \/><\/p>\n","protected":false},"excerpt":{"rendered":"<p>O Sindicato dos Enfermeiros do Distrito Federal reuniu-se, nessa segunda (24) com o deputado Juarez\u00e3o (PSB) para tratar de assuntos como projeto do Instituto Hospital de Base, descontos em virtude de paralisa\u00e7\u00e3o, horas-extras e gratifica\u00e7\u00e3o por t\u00edtulos (GTIT). Os diretores do SindEnfermeiro Tarc\u00edsio Faria e Marcio Da Mata cobraram o deputado no que se refere [&hellip;]<\/p>\n","protected":false},"author":6,"featured_media":1304,"comment_status":"closed","ping_status":"closed","sticky":false,"template":"","format":"standard","meta":{"footnotes":""},"categories":[6,2],"tags":[],"class_list":["post-1302","post","type-post","status-publish","format-standard","has-post-thumbnail","hentry","category-noticias","category-teste"],"_links":{"self":[{"href":"https:\/\/sindenfermeiro.com.br\/index.php\/wp-json\/wp\/v2\/posts\/1302","targetHints":{"allow":["GET"]}}],"collection":[{"href":"https:\/\/sindenfermeiro.com.br\/index.php\/wp-json\/wp\/v2\/posts"}],"about":[{"href":"https:\/\/sindenfermeiro.com.br\/index.php\/wp-json\/wp\/v2\/types\/post"}],"author":[{"embeddable":true,"href":"https:\/\/sindenfermeiro.com.br\/index.php\/wp-json\/wp\/v2\/users\/6"}],"replies":[{"embeddable":true,"href":"https:\/\/sindenfermeiro.com.br\/index.php\/wp-json\/wp\/v2\/comments?post=1302"}],"version-history":[{"count":1,"href":"https:\/\/sindenfermeiro.com.br\/index.php\/wp-json\/wp\/v2\/posts\/1302\/revisions"}],"predecessor-version":[{"id":25510,"href":"https:\/\/sindenfermeiro.com.br\/index.php\/wp-json\/wp\/v2\/posts\/1302\/revisions\/25510"}],"wp:featuredmedia":[{"embeddable":true,"href":"https:\/\/sindenfermeiro.com.br\/index.php\/wp-json\/"}],"wp:attachment":[{"href":"https:\/\/sindenfermeiro.com.br\/index.php\/wp-json\/wp\/v2\/media?parent=1302"}],"wp:term":[{"taxonomy":"category","embeddable":true,"href":"https:\/\/sindenfermeiro.com.br\/index.php\/wp-json\/wp\/v2\/categories?post=1302"},{"taxonomy":"post_tag","embeddable":true,"href":"https:\/\/sindenfermeiro.com.br\/index.php\/wp-json\/wp\/v2\/tags?post=1302"}],"curies":[{"name":"wp","href":"https:\/\/api.w.org\/{rel}","templated":true}]}}