{"id":1297,"date":"2017-04-24T15:32:01","date_gmt":"2017-04-24T15:32:01","guid":{"rendered":"http:\/\/www.sindenfermeiro.com.br\/?p=1297"},"modified":"2026-04-29T10:32:17","modified_gmt":"2026-04-29T13:32:17","slug":"comunicado-desconto-indevido-nos-contracheques","status":"publish","type":"post","link":"https:\/\/sindenfermeiro.com.br\/index.php\/2017\/04\/24\/comunicado-desconto-indevido-nos-contracheques\/","title":{"rendered":"COMUNICADO &#8211; MENSALIDADE SINDICAL DE ABRIL"},"content":{"rendered":"<p style=\"text-align: justify\">Enfermeiras e Enfermeiros do Distrito Federal,<\/p>\n<p style=\"text-align: justify\">O SindEnfermeiro comunica que n\u00e3o solicitou\u00a0o aumento da mensalidade de seus sindicalizados. O sindicato esclarece que o desconto referente a esse m\u00eas de abril (onde est\u00e1 sendo cobrado 1% do sal\u00e1rio bruto ao inv\u00e9s de 1% do vencimento) \u00e9 um erro.<\/p>\n<p style=\"text-align: justify\">\u00a0O SindEnfermeiro est\u00e1 tomando todas as provid\u00eancias &#8211; juntos \u00e0s Secretarias de Sa\u00fade e de Planejamento &#8211; para que o equ\u00edvoco seja consertado pelos respons\u00e1veis.<\/p>\n<p style=\"text-align: justify\">O sindicato reafirma que o desconto indevido n\u00e3o tem nosso aval. O desconto incorreto possui, inclusive, nomenclatura que n\u00e3o corresponde ao SindEnfermeiro (SE\/DF) e sim, de um sindicato da \u00e1rea educacional (SAE\/DF).<\/p>\n<p style=\"text-align: justify\">\u00a0A diretoria do SindEnfermeiro n\u00e3o tem, por si s\u00f3, poder para modificar o valor cobrado dos sindicalizados. A mensalidade s\u00f3 pode ser alterada mediante decis\u00e3o de assembleia. O que n\u00e3o aconteceu.<\/p>\n<p style=\"text-align: justify\">Portanto, o sindicato vem, por meio desse comunicado, tranquilizar seus sindicalizados a respeito desse contratempo. Lembramos que estamos tomando todas as provid\u00eancias para que os respons\u00e1veis corrijam o equ\u00edvoco. O sindicato trabalha para que seu filiado n\u00e3o tenha nenhum desconto al\u00e9m do que \u00e9 permitido.<\/p>\n<p style=\"text-align: justify\">O SindEnfermeiro se coloca \u00e0 disposi\u00e7\u00e3o para maiores esclarecimentos. Se voc\u00ea, sindicalizado, tiver qualquer d\u00favida, entre em contato conosco por meio do telefone 3273-0307.<\/p>\n","protected":false},"excerpt":{"rendered":"<p>Enfermeiras e Enfermeiros do Distrito Federal, O SindEnfermeiro comunica que n\u00e3o solicitou\u00a0o aumento da mensalidade de seus sindicalizados. O sindicato esclarece que o desconto referente a esse m\u00eas de abril (onde est\u00e1 sendo cobrado 1% do sal\u00e1rio bruto ao inv\u00e9s de 1% do vencimento) \u00e9 um erro. \u00a0O SindEnfermeiro est\u00e1 tomando todas as provid\u00eancias &#8211; [&hellip;]<\/p>\n","protected":false},"author":6,"featured_media":1298,"comment_status":"closed","ping_status":"closed","sticky":false,"template":"","format":"standard","meta":{"footnotes":""},"categories":[6,2],"tags":[],"class_list":["post-1297","post","type-post","status-publish","format-standard","has-post-thumbnail","hentry","category-noticias","category-teste"],"_links":{"self":[{"href":"https:\/\/sindenfermeiro.com.br\/index.php\/wp-json\/wp\/v2\/posts\/1297","targetHints":{"allow":["GET"]}}],"collection":[{"href":"https:\/\/sindenfermeiro.com.br\/index.php\/wp-json\/wp\/v2\/posts"}],"about":[{"href":"https:\/\/sindenfermeiro.com.br\/index.php\/wp-json\/wp\/v2\/types\/post"}],"author":[{"embeddable":true,"href":"https:\/\/sindenfermeiro.com.br\/index.php\/wp-json\/wp\/v2\/users\/6"}],"replies":[{"embeddable":true,"href":"https:\/\/sindenfermeiro.com.br\/index.php\/wp-json\/wp\/v2\/comments?post=1297"}],"version-history":[{"count":1,"href":"https:\/\/sindenfermeiro.com.br\/index.php\/wp-json\/wp\/v2\/posts\/1297\/revisions"}],"predecessor-version":[{"id":36817,"href":"https:\/\/sindenfermeiro.com.br\/index.php\/wp-json\/wp\/v2\/posts\/1297\/revisions\/36817"}],"wp:featuredmedia":[{"embeddable":true,"href":"https:\/\/sindenfermeiro.com.br\/index.php\/wp-json\/"}],"wp:attachment":[{"href":"https:\/\/sindenfermeiro.com.br\/index.php\/wp-json\/wp\/v2\/media?parent=1297"}],"wp:term":[{"taxonomy":"category","embeddable":true,"href":"https:\/\/sindenfermeiro.com.br\/index.php\/wp-json\/wp\/v2\/categories?post=1297"},{"taxonomy":"post_tag","embeddable":true,"href":"https:\/\/sindenfermeiro.com.br\/index.php\/wp-json\/wp\/v2\/tags?post=1297"}],"curies":[{"name":"wp","href":"https:\/\/api.w.org\/{rel}","templated":true}]}}