{"id":1293,"date":"2017-04-20T15:20:15","date_gmt":"2017-04-20T15:20:15","guid":{"rendered":"http:\/\/www.sindenfermeiro.com.br\/?p=1293"},"modified":"2026-04-29T12:08:33","modified_gmt":"2026-04-29T15:08:33","slug":"sindenfermeiro-ajuizara-acao-contra-hospitais-que-descumpriram-convencao-coletiva-20142015","status":"publish","type":"post","link":"https:\/\/sindenfermeiro.com.br\/index.php\/2017\/04\/20\/sindenfermeiro-ajuizara-acao-contra-hospitais-que-descumpriram-convencao-coletiva-20142015\/","title":{"rendered":"SindEnfermeiro ajuizar\u00e1 a\u00e7\u00e3o contra hospitais que descumpriram Conven\u00e7\u00e3o Coletiva 2014\/2015"},"content":{"rendered":"<p style=\"text-align: justify\">Em Assembleia Extraordin\u00e1ria, na \u00faltima ter\u00e7a\u00a0(18), o Sindicato dos Enfermeiros do Distrito Federal (SindEnfermeiro-DF) decidiu ajuizar a\u00e7\u00e3o contra hospitais e cl\u00ednicas particulares que descumpriram a Conven\u00e7\u00e3o Coletiva 2014\/2015, que estabeleceu o reajuste salarial de 7%. O pleito do sindicato contemplar\u00e1 todos os enfermeiros da rede privada de sa\u00fade.<\/p>\n<p style=\"text-align: justify\"><img loading=\"lazy\" decoding=\"async\" class=\" wp-image-1294 aligncenter\" src=\"http:\/\/www.sindenfermeiro.com.br\/wp-content\/uploads\/2017\/04\/MG_9953.jpg\" alt=\"_MG_9953\" width=\"450\" height=\"300\" \/><\/p>\n<p style=\"text-align: justify\"><img loading=\"lazy\" decoding=\"async\" class=\" wp-image-1295 aligncenter\" src=\"http:\/\/www.sindenfermeiro.com.br\/wp-content\/uploads\/2017\/04\/MG_9958.jpg\" alt=\"_MG_9958\" width=\"450\" height=\"300\" \/><\/p>\n","protected":false},"excerpt":{"rendered":"<p>Em Assembleia Extraordin\u00e1ria, na \u00faltima ter\u00e7a\u00a0(18), o Sindicato dos Enfermeiros do Distrito Federal (SindEnfermeiro-DF) decidiu ajuizar a\u00e7\u00e3o contra hospitais e cl\u00ednicas particulares que descumpriram a Conven\u00e7\u00e3o Coletiva 2014\/2015, que estabeleceu o reajuste salarial de 7%. O pleito do sindicato contemplar\u00e1 todos os enfermeiros da rede privada de sa\u00fade.<\/p>\n","protected":false},"author":6,"featured_media":1295,"comment_status":"closed","ping_status":"closed","sticky":false,"template":"","format":"standard","meta":{"footnotes":""},"categories":[6,2],"tags":[],"class_list":["post-1293","post","type-post","status-publish","format-standard","has-post-thumbnail","hentry","category-noticias","category-teste"],"_links":{"self":[{"href":"https:\/\/sindenfermeiro.com.br\/index.php\/wp-json\/wp\/v2\/posts\/1293","targetHints":{"allow":["GET"]}}],"collection":[{"href":"https:\/\/sindenfermeiro.com.br\/index.php\/wp-json\/wp\/v2\/posts"}],"about":[{"href":"https:\/\/sindenfermeiro.com.br\/index.php\/wp-json\/wp\/v2\/types\/post"}],"author":[{"embeddable":true,"href":"https:\/\/sindenfermeiro.com.br\/index.php\/wp-json\/wp\/v2\/users\/6"}],"replies":[{"embeddable":true,"href":"https:\/\/sindenfermeiro.com.br\/index.php\/wp-json\/wp\/v2\/comments?post=1293"}],"version-history":[{"count":1,"href":"https:\/\/sindenfermeiro.com.br\/index.php\/wp-json\/wp\/v2\/posts\/1293\/revisions"}],"predecessor-version":[{"id":37381,"href":"https:\/\/sindenfermeiro.com.br\/index.php\/wp-json\/wp\/v2\/posts\/1293\/revisions\/37381"}],"wp:featuredmedia":[{"embeddable":true,"href":"https:\/\/sindenfermeiro.com.br\/index.php\/wp-json\/"}],"wp:attachment":[{"href":"https:\/\/sindenfermeiro.com.br\/index.php\/wp-json\/wp\/v2\/media?parent=1293"}],"wp:term":[{"taxonomy":"category","embeddable":true,"href":"https:\/\/sindenfermeiro.com.br\/index.php\/wp-json\/wp\/v2\/categories?post=1293"},{"taxonomy":"post_tag","embeddable":true,"href":"https:\/\/sindenfermeiro.com.br\/index.php\/wp-json\/wp\/v2\/tags?post=1293"}],"curies":[{"name":"wp","href":"https:\/\/api.w.org\/{rel}","templated":true}]}}