{"id":1265,"date":"2017-04-19T18:31:12","date_gmt":"2017-04-19T18:31:12","guid":{"rendered":"http:\/\/www.sindenfermeiro.com.br\/?p=1265"},"modified":"2026-04-29T10:35:06","modified_gmt":"2026-04-29T13:35:06","slug":"relator-nao-comparece-novamente-e-comissao-volta-a-suspender-votacao-de-projeto-do-instituto-hospital-de-base","status":"publish","type":"post","link":"https:\/\/sindenfermeiro.com.br\/index.php\/2017\/04\/19\/relator-nao-comparece-novamente-e-comissao-volta-a-suspender-votacao-de-projeto-do-instituto-hospital-de-base\/","title":{"rendered":"Relator n\u00e3o comparece novamente e comiss\u00e3o volta a suspender vota\u00e7\u00e3o de projeto do Instituto Hospital de Base"},"content":{"rendered":"<p style=\"text-align: justify\">A Comiss\u00e3o de Educa\u00e7\u00e3o, Sa\u00fade e Cultura da C\u00e2mara Legislativa adiou, mais uma vez, a an\u00e1lise do Projeto de Lei (PL n\u00ba 1.486\/2017), do Executivo, que estabelece o Instituto Hospital de Base. A proposta n\u00e3o foi apreciada na reuni\u00e3o dessa quarta (19), em virtude de nova aus\u00eancia do relator da mat\u00e9ria, deputado Juarez\u00e3o (PSB). No entanto, o presidente da comiss\u00e3o, deputado Wasny de Roure (PT) sinalizou que o projeto ser\u00e1 votado pelo colegiado, na pr\u00f3xima quarta (26), com ou sem a presen\u00e7a do relator.<\/p>\n<p style=\"text-align: justify\">Diante da situa\u00e7\u00e3o, o deputado Raimundo Ribeiro, integrante da comiss\u00e3o, refor\u00e7ou a necessidade da Casa levar em considera\u00e7\u00e3o o grande n\u00famero de manifesta\u00e7\u00f5es contr\u00e1rias a privatiza\u00e7\u00e3o do Hospital de Base. \u201cUm projeto dessa magnitude deve, sendo fiel ao objetivo de qualquer lei, representar a vontade majorit\u00e1ria da sociedade. Essa\u00a0Casa, materializando a vontade da popula\u00e7\u00e3o, ir\u00e1 decidir\u201d, afirmou o deputado.<\/p>\n<p style=\"text-align: justify\"><img loading=\"lazy\" decoding=\"async\" class=\" wp-image-1271 aligncenter\" src=\"http:\/\/www.sindenfermeiro.com.br\/wp-content\/uploads\/2017\/04\/MG_9981.jpg\" alt=\"_MG_9981\" width=\"450\" height=\"300\" \/><\/p>\n<p style=\"text-align: justify\">O Hospital de Base &#8211; que atende casos de m\u00e9dia e alta complexidade &#8211; realiza procedimentos de alto custo. O que, com a proposta apresentada pelo Governo do Distrito Federal, atrair\u00e1 interesses de grupos econ\u00f4micos e empresas que priorizam o lucro, em detrimento da assist\u00eancia e do desenvolvimento dos profissionais da sa\u00fade. O Base salva vidas. O instituto que lucrar com elas.<span class=\"text_exposed_show\">\u00a0<\/span><span class=\"text_exposed_show\">O projeto do Executivo\u00a0retira o hospital\u00a0da administra\u00e7\u00e3o p\u00fablica, permitindo assim, que seja instrumento de empresas que visam apenas o lucro, e n\u00e3o a sa\u00fade do cidad\u00e3o e o desenvolvimento do servidor.<\/span><\/p>\n<p style=\"text-align: justify\">\n<p style=\"text-align: justify\"><img loading=\"lazy\" decoding=\"async\" class=\" wp-image-1270 aligncenter\" src=\"http:\/\/www.sindenfermeiro.com.br\/wp-content\/uploads\/2017\/04\/MG_9971.jpg\" alt=\"_MG_9971\" width=\"450\" height=\"300\" \/><\/p>\n<p style=\"text-align: justify\"><strong>Convoca\u00e7\u00e3o<\/strong><\/p>\n<p style=\"text-align: justify\">O Sindicato dos Enfermeiros agradece, mais uma vez, a todos os profissionais e usu\u00e1rios da Sa\u00fade que estiveram presentes na reuni\u00e3o da Comiss\u00e3o de Educa\u00e7\u00e3o, Sa\u00fade e Cultura.<\/p>\n<p style=\"text-align: justify\">Convocamos a popula\u00e7\u00e3o e os servidores para estarem\u00a0presentes, na pr\u00f3xima quarta (26), na vota\u00e7\u00e3o do projeto, \u00e0s 9h.<\/p>\n<p style=\"text-align: justify\">Precisamos de todos os cidad\u00e3os\u00a0e da categoria mobilizada contra a privatiza\u00e7\u00e3o do patrim\u00f4nio da Sa\u00fade p\u00fablica do DF.<\/p>\n<p style=\"text-align: justify\">O Base \u00e9 do Povo.<\/p>\n<p>&nbsp;<\/p>\n","protected":false},"excerpt":{"rendered":"<p>A Comiss\u00e3o de Educa\u00e7\u00e3o, Sa\u00fade e Cultura da C\u00e2mara Legislativa adiou, mais uma vez, a an\u00e1lise do Projeto de Lei (PL n\u00ba 1.486\/2017), do Executivo, que estabelece o Instituto Hospital de Base. A proposta n\u00e3o foi apreciada na reuni\u00e3o dessa quarta (19), em virtude de nova aus\u00eancia do relator da mat\u00e9ria, deputado Juarez\u00e3o (PSB). No [&hellip;]<\/p>\n","protected":false},"author":6,"featured_media":1270,"comment_status":"closed","ping_status":"closed","sticky":false,"template":"","format":"standard","meta":{"footnotes":""},"categories":[6,2],"tags":[],"class_list":["post-1265","post","type-post","status-publish","format-standard","has-post-thumbnail","hentry","category-noticias","category-teste"],"_links":{"self":[{"href":"https:\/\/sindenfermeiro.com.br\/index.php\/wp-json\/wp\/v2\/posts\/1265","targetHints":{"allow":["GET"]}}],"collection":[{"href":"https:\/\/sindenfermeiro.com.br\/index.php\/wp-json\/wp\/v2\/posts"}],"about":[{"href":"https:\/\/sindenfermeiro.com.br\/index.php\/wp-json\/wp\/v2\/types\/post"}],"author":[{"embeddable":true,"href":"https:\/\/sindenfermeiro.com.br\/index.php\/wp-json\/wp\/v2\/users\/6"}],"replies":[{"embeddable":true,"href":"https:\/\/sindenfermeiro.com.br\/index.php\/wp-json\/wp\/v2\/comments?post=1265"}],"version-history":[{"count":1,"href":"https:\/\/sindenfermeiro.com.br\/index.php\/wp-json\/wp\/v2\/posts\/1265\/revisions"}],"predecessor-version":[{"id":37396,"href":"https:\/\/sindenfermeiro.com.br\/index.php\/wp-json\/wp\/v2\/posts\/1265\/revisions\/37396"}],"wp:featuredmedia":[{"embeddable":true,"href":"https:\/\/sindenfermeiro.com.br\/index.php\/wp-json\/"}],"wp:attachment":[{"href":"https:\/\/sindenfermeiro.com.br\/index.php\/wp-json\/wp\/v2\/media?parent=1265"}],"wp:term":[{"taxonomy":"category","embeddable":true,"href":"https:\/\/sindenfermeiro.com.br\/index.php\/wp-json\/wp\/v2\/categories?post=1265"},{"taxonomy":"post_tag","embeddable":true,"href":"https:\/\/sindenfermeiro.com.br\/index.php\/wp-json\/wp\/v2\/tags?post=1265"}],"curies":[{"name":"wp","href":"https:\/\/api.w.org\/{rel}","templated":true}]}}