{"id":1252,"date":"2017-04-17T19:45:52","date_gmt":"2017-04-17T19:45:52","guid":{"rendered":"http:\/\/www.sindenfermeiro.com.br\/?p=1252"},"modified":"2026-04-29T10:33:20","modified_gmt":"2026-04-29T13:33:20","slug":"comunicado-descontos-em-virtude-das-paralisacoes-de-2016","status":"publish","type":"post","link":"https:\/\/sindenfermeiro.com.br\/index.php\/2017\/04\/17\/comunicado-descontos-em-virtude-das-paralisacoes-de-2016\/","title":{"rendered":"[Comunicado] Descontos em virtude das paralisa\u00e7\u00f5es de 2016"},"content":{"rendered":"<p>Enfermeiras e Enfermeiros do Distrito Federal,<\/p>\n<p>O SindEnfermeiro comunica que toma todas as provid\u00eancias para que n\u00e3o haja desconto nos sal\u00e1rios de servidores que participaram das paralisa\u00e7\u00f5es dos dias 7, 17, 26 de outubro, 3 e 10 de novembro de 2016.<\/p>\n<p>Ainda em dezembro do ano passado, o sindicato entrou com a\u00e7\u00e3o para que os descontos n\u00e3o acontecessem. A solicita\u00e7\u00e3o do SindEnfermeiro ainda ser\u00e1 julgada.<\/p>\n<div class=\"text_exposed_show\">\n<p>O sindicato se coloca \u00e0 disposi\u00e7\u00e3o para maiores esclarecimentos. Se voc\u00ea, sindicalizado, ainda tiver d\u00favidas sobre o caso, entre em contato conosco. Nosso departamento jur\u00eddico lhe dar\u00e1 todo o suporte necess\u00e1rio.<\/p>\n<p>Juntos Somos Mais Fortes!<\/p>\n<\/div>\n","protected":false},"excerpt":{"rendered":"<p>Enfermeiras e Enfermeiros do Distrito Federal, O SindEnfermeiro comunica que toma todas as provid\u00eancias para que n\u00e3o haja desconto nos sal\u00e1rios de servidores que participaram das paralisa\u00e7\u00f5es dos dias 7, 17, 26 de outubro, 3 e 10 de novembro de 2016. Ainda em dezembro do ano passado, o sindicato entrou com a\u00e7\u00e3o para que os [&hellip;]<\/p>\n","protected":false},"author":6,"featured_media":1253,"comment_status":"closed","ping_status":"closed","sticky":false,"template":"","format":"standard","meta":{"footnotes":""},"categories":[6,2],"tags":[],"class_list":["post-1252","post","type-post","status-publish","format-standard","has-post-thumbnail","hentry","category-noticias","category-teste"],"_links":{"self":[{"href":"https:\/\/sindenfermeiro.com.br\/index.php\/wp-json\/wp\/v2\/posts\/1252","targetHints":{"allow":["GET"]}}],"collection":[{"href":"https:\/\/sindenfermeiro.com.br\/index.php\/wp-json\/wp\/v2\/posts"}],"about":[{"href":"https:\/\/sindenfermeiro.com.br\/index.php\/wp-json\/wp\/v2\/types\/post"}],"author":[{"embeddable":true,"href":"https:\/\/sindenfermeiro.com.br\/index.php\/wp-json\/wp\/v2\/users\/6"}],"replies":[{"embeddable":true,"href":"https:\/\/sindenfermeiro.com.br\/index.php\/wp-json\/wp\/v2\/comments?post=1252"}],"version-history":[{"count":1,"href":"https:\/\/sindenfermeiro.com.br\/index.php\/wp-json\/wp\/v2\/posts\/1252\/revisions"}],"predecessor-version":[{"id":37392,"href":"https:\/\/sindenfermeiro.com.br\/index.php\/wp-json\/wp\/v2\/posts\/1252\/revisions\/37392"}],"wp:featuredmedia":[{"embeddable":true,"href":"https:\/\/sindenfermeiro.com.br\/index.php\/wp-json\/"}],"wp:attachment":[{"href":"https:\/\/sindenfermeiro.com.br\/index.php\/wp-json\/wp\/v2\/media?parent=1252"}],"wp:term":[{"taxonomy":"category","embeddable":true,"href":"https:\/\/sindenfermeiro.com.br\/index.php\/wp-json\/wp\/v2\/categories?post=1252"},{"taxonomy":"post_tag","embeddable":true,"href":"https:\/\/sindenfermeiro.com.br\/index.php\/wp-json\/wp\/v2\/tags?post=1252"}],"curies":[{"name":"wp","href":"https:\/\/api.w.org\/{rel}","templated":true}]}}