{"id":1244,"date":"2017-04-17T13:40:40","date_gmt":"2017-04-17T13:40:40","guid":{"rendered":"http:\/\/www.sindenfermeiro.com.br\/?p=1244"},"modified":"2026-04-29T10:31:14","modified_gmt":"2026-04-29T13:31:14","slug":"1244","status":"publish","type":"post","link":"https:\/\/sindenfermeiro.com.br\/index.php\/2017\/04\/17\/1244\/","title":{"rendered":"Assembleia Extraordin\u00e1ria &#8211; Rede Privada"},"content":{"rendered":"<p style=\"text-align: justify\">O SindEnfermeiro convoca enfermeiras e enfermeiros\u00a0da Rede Privada\u00a0para Assembleia Extraordin\u00e1ria\u00a0que ser\u00e1 realizada nessa ter\u00e7a\u00a0(18), \u00e0s 19h, na sede do sindicato\u00a0(714 Norte). A pauta ser\u00e1 o descumprimento da Conven\u00e7\u00e3o Coletiva\u00a02014\/2015.<\/p>\n<p style=\"text-align: justify\">Participe!<br \/>\nFa\u00e7a sua voz valer, na luta por uma enfermagem cada vez mais forte, no Distrito Federal!<\/p>\n<p style=\"text-align: justify\">Juntos Somos Mais Fortes!<\/p>\n<p style=\"text-align: justify\"><img loading=\"lazy\" decoding=\"async\" class=\" wp-image-1245 aligncenter\" src=\"http:\/\/www.sindenfermeiro.com.br\/wp-content\/uploads\/2017\/04\/WPP_5-900x900.png\" alt=\"WPP_5\" width=\"497\" height=\"497\" \/><\/p>\n","protected":false},"excerpt":{"rendered":"<p>O SindEnfermeiro convoca enfermeiras e enfermeiros\u00a0da Rede Privada\u00a0para Assembleia Extraordin\u00e1ria\u00a0que ser\u00e1 realizada nessa ter\u00e7a\u00a0(18), \u00e0s 19h, na sede do sindicato\u00a0(714 Norte). A pauta ser\u00e1 o descumprimento da Conven\u00e7\u00e3o Coletiva\u00a02014\/2015. Participe! Fa\u00e7a sua voz valer, na luta por uma enfermagem cada vez mais forte, no Distrito Federal! Juntos Somos Mais Fortes!<\/p>\n","protected":false},"author":6,"featured_media":1245,"comment_status":"closed","ping_status":"closed","sticky":false,"template":"","format":"standard","meta":{"footnotes":""},"categories":[6,16,2],"tags":[],"class_list":["post-1244","post","type-post","status-publish","format-standard","has-post-thumbnail","hentry","category-noticias","category-processos","category-teste"],"_links":{"self":[{"href":"https:\/\/sindenfermeiro.com.br\/index.php\/wp-json\/wp\/v2\/posts\/1244","targetHints":{"allow":["GET"]}}],"collection":[{"href":"https:\/\/sindenfermeiro.com.br\/index.php\/wp-json\/wp\/v2\/posts"}],"about":[{"href":"https:\/\/sindenfermeiro.com.br\/index.php\/wp-json\/wp\/v2\/types\/post"}],"author":[{"embeddable":true,"href":"https:\/\/sindenfermeiro.com.br\/index.php\/wp-json\/wp\/v2\/users\/6"}],"replies":[{"embeddable":true,"href":"https:\/\/sindenfermeiro.com.br\/index.php\/wp-json\/wp\/v2\/comments?post=1244"}],"version-history":[{"count":1,"href":"https:\/\/sindenfermeiro.com.br\/index.php\/wp-json\/wp\/v2\/posts\/1244\/revisions"}],"predecessor-version":[{"id":29474,"href":"https:\/\/sindenfermeiro.com.br\/index.php\/wp-json\/wp\/v2\/posts\/1244\/revisions\/29474"}],"wp:featuredmedia":[{"embeddable":true,"href":"https:\/\/sindenfermeiro.com.br\/index.php\/wp-json\/"}],"wp:attachment":[{"href":"https:\/\/sindenfermeiro.com.br\/index.php\/wp-json\/wp\/v2\/media?parent=1244"}],"wp:term":[{"taxonomy":"category","embeddable":true,"href":"https:\/\/sindenfermeiro.com.br\/index.php\/wp-json\/wp\/v2\/categories?post=1244"},{"taxonomy":"post_tag","embeddable":true,"href":"https:\/\/sindenfermeiro.com.br\/index.php\/wp-json\/wp\/v2\/tags?post=1244"}],"curies":[{"name":"wp","href":"https:\/\/api.w.org\/{rel}","templated":true}]}}