{"id":1233,"date":"2017-04-13T20:49:04","date_gmt":"2017-04-13T20:49:04","guid":{"rendered":"http:\/\/www.sindenfermeiro.com.br\/?p=1233"},"modified":"2026-04-29T10:33:39","modified_gmt":"2026-04-29T13:33:39","slug":"sindicato-intervem-e-rede-sarah-se-compromete-a-fixar-escalas-de-enfermeiros","status":"publish","type":"post","link":"https:\/\/sindenfermeiro.com.br\/index.php\/2017\/04\/13\/sindicato-intervem-e-rede-sarah-se-compromete-a-fixar-escalas-de-enfermeiros\/","title":{"rendered":"Sindicato interv\u00e9m e Rede Sarah se compromete a fixar escalas de enfermeiros"},"content":{"rendered":"<p style=\"text-align: justify\">Em reuni\u00e3o, na \u00faltima segunda (10), mediada pela Superintend\u00eancia Regional do Trabalho e Emprego do DF, o Sindicato dos Enfermeiros do Distrito Federal (SindEnfermeiro-DF) reivindicou, junto \u00e0 Rede Sarah Kubitschek, que enfermeiros cumpram escala de per\u00edodo fixo (manh\u00e3, tarde e noite). Durante a media\u00e7\u00e3o, os representantes da rede de hospitais, Roberto Caldas Alvim e Silvia Seabra de Carvalho comprometeram-se a fixar as escalas a partir de maio.<\/p>\n<p style=\"text-align: justify\">O sindicato interviu no caso, ap\u00f3s den\u00fancias de que enfermeiros atualmente trabalham em escala mista (de 3 turnos). O que \u00e9 proibido pela legisla\u00e7\u00e3o trabalhista &#8211; a lei exige escala fixa para trabalho de turno ininterrupto de revezamento -. De acordo com \u00a0as queixas, \u00a0profissionais vivenciam jornada de trabalho \u201crigorosa, inflex\u00edvel, laboriosa e desgastante\u201d.<\/p>\n<div id=\"attachment_1238\" style=\"width: 442px\" class=\"wp-caption aligncenter\"><img loading=\"lazy\" decoding=\"async\" aria-describedby=\"caption-attachment-1238\" class=\"wp-image-1238\" src=\"http:\/\/www.sindenfermeiro.com.br\/wp-content\/uploads\/2017\/04\/IMG_9816.jpg\" alt=\"IMG_9816\" width=\"432\" height=\"288\" \/><p id=\"caption-attachment-1238\" class=\"wp-caption-text\"><em>Reuni\u00e3o, mediada pela Superintend\u00eancia Regional do Trabalho e Emprego do DF, entre SindEnfermeiro e Rede Sarah Kubitschek<\/em><\/p><\/div>\n<p style=\"text-align: justify\">O SindEnfermeiro apurou que o hor\u00e1rio determinado para o turno da tarde coloca os profissionais que moram distante do Plano-Piloto \u201cem constante medo\u201d, j\u00e1 que saem do hospital \u00e0s 21h e caminham at\u00e9 o ponto de \u00f4nibus ou a rodovi\u00e1ria, por trajetos notoriamente perigosos. A escala mista tamb\u00e9m impede os funcion\u00e1rios de planejarem atividades de lazer, forma\u00e7\u00e3o ou familiar,\u00a0 j\u00e1 que passam a maior parte do tempo no hospital.<\/p>\n<p style=\"text-align: justify\">Dentre outros aspectos, os enfermeiros reivindicam plant\u00e3o noturno \u00a0de 12 horas aos finais de semana (sem registro de descanso), a garantia de folga de 36 horas a cada 15 dias (ao s\u00e1bado ou domingo), e per\u00edodo de trabalho com in\u00edcio e t\u00e9rmino dentro dos hor\u00e1rios comerciais (tendo em vista a utiliza\u00e7\u00e3o do transporte para chegada e sa\u00edda do trabalho).<\/p>\n<p style=\"text-align: justify\">Acesse o Link e confira a ata da reuni\u00e3o, mediada pela Superintend\u00eancia Regional do Trabalho e Emprego do DF:\u00a0<a href=\"http:\/\/www.sindenfermeiro.com.br\/wp-content\/uploads\/2017\/04\/BRW30F77216FABE_001362.pdf\">BRW30F77216FABE_001362<\/a><\/p>\n","protected":false},"excerpt":{"rendered":"<p>Em reuni\u00e3o, na \u00faltima segunda (10), mediada pela Superintend\u00eancia Regional do Trabalho e Emprego do DF, o Sindicato dos Enfermeiros do Distrito Federal (SindEnfermeiro-DF) reivindicou, junto \u00e0 Rede Sarah Kubitschek, que enfermeiros cumpram escala de per\u00edodo fixo (manh\u00e3, tarde e noite). Durante a media\u00e7\u00e3o, os representantes da rede de hospitais, Roberto Caldas Alvim e Silvia [&hellip;]<\/p>\n","protected":false},"author":6,"featured_media":1238,"comment_status":"closed","ping_status":"closed","sticky":false,"template":"","format":"standard","meta":{"footnotes":""},"categories":[6,2],"tags":[],"class_list":["post-1233","post","type-post","status-publish","format-standard","has-post-thumbnail","hentry","category-noticias","category-teste"],"_links":{"self":[{"href":"https:\/\/sindenfermeiro.com.br\/index.php\/wp-json\/wp\/v2\/posts\/1233","targetHints":{"allow":["GET"]}}],"collection":[{"href":"https:\/\/sindenfermeiro.com.br\/index.php\/wp-json\/wp\/v2\/posts"}],"about":[{"href":"https:\/\/sindenfermeiro.com.br\/index.php\/wp-json\/wp\/v2\/types\/post"}],"author":[{"embeddable":true,"href":"https:\/\/sindenfermeiro.com.br\/index.php\/wp-json\/wp\/v2\/users\/6"}],"replies":[{"embeddable":true,"href":"https:\/\/sindenfermeiro.com.br\/index.php\/wp-json\/wp\/v2\/comments?post=1233"}],"version-history":[{"count":1,"href":"https:\/\/sindenfermeiro.com.br\/index.php\/wp-json\/wp\/v2\/posts\/1233\/revisions"}],"predecessor-version":[{"id":25307,"href":"https:\/\/sindenfermeiro.com.br\/index.php\/wp-json\/wp\/v2\/posts\/1233\/revisions\/25307"}],"wp:featuredmedia":[{"embeddable":true,"href":"https:\/\/sindenfermeiro.com.br\/index.php\/wp-json\/"}],"wp:attachment":[{"href":"https:\/\/sindenfermeiro.com.br\/index.php\/wp-json\/wp\/v2\/media?parent=1233"}],"wp:term":[{"taxonomy":"category","embeddable":true,"href":"https:\/\/sindenfermeiro.com.br\/index.php\/wp-json\/wp\/v2\/categories?post=1233"},{"taxonomy":"post_tag","embeddable":true,"href":"https:\/\/sindenfermeiro.com.br\/index.php\/wp-json\/wp\/v2\/tags?post=1233"}],"curies":[{"name":"wp","href":"https:\/\/api.w.org\/{rel}","templated":true}]}}