{"id":1215,"date":"2017-04-12T17:59:43","date_gmt":"2017-04-12T17:59:43","guid":{"rendered":"http:\/\/www.sindenfermeiro.com.br\/?p=1215"},"modified":"2026-04-29T12:15:22","modified_gmt":"2026-04-29T15:15:22","slug":"sindenfermeiro-abre-tratativas-de-convencao-coletiva-para-enfermeiros-da-rede-dor","status":"publish","type":"post","link":"https:\/\/sindenfermeiro.com.br\/index.php\/2017\/04\/12\/sindenfermeiro-abre-tratativas-de-convencao-coletiva-para-enfermeiros-da-rede-dor\/","title":{"rendered":"SindEnfermeiro abre tratativas de Acordo Coletivo para enfermeiros da Rede D\u2019Or"},"content":{"rendered":"<p>O Sindicato dos Enfermeiros do Distrito Federal (SindEnfermeiro-DF) abriu tratativas de Acordo\u00a0Coletivo para enfermeiros da Rede D\u2019Or. As conversas foram iniciadas em reuni\u00e3o realizada nessa ter\u00e7a (11), na sede do SindEnfermeiro.<\/p>\n<p>Profissionais da rede privada de sa\u00fade &#8211; assim como os servidores p\u00fablicos &#8211; est\u00e3o sempre amparados pelo suporte do nosso sindicato.<\/p>\n<p>Nosso trabalho \u00e9 fazer valer os direitos dos enfermeiros do Distrito Federal.<\/p>\n<p>Juntos Somos Mais Fortes!<\/p>\n<div id=\"attachment_1217\" style=\"width: 546px\" class=\"wp-caption aligncenter\"><img loading=\"lazy\" decoding=\"async\" aria-describedby=\"caption-attachment-1217\" class=\"wp-image-1217\" src=\"http:\/\/www.sindenfermeiro.com.br\/wp-content\/uploads\/2017\/04\/MG_9923.jpg\" alt=\"_MG_9923\" width=\"536\" height=\"357\" \/><p id=\"caption-attachment-1217\" class=\"wp-caption-text\"><em>Reuni\u00e3o entre SindEnfermeiro e representantes da Rede D\u2019Or<\/em><\/p><\/div>\n","protected":false},"excerpt":{"rendered":"<p>O Sindicato dos Enfermeiros do Distrito Federal (SindEnfermeiro-DF) abriu tratativas de Acordo\u00a0Coletivo para enfermeiros da Rede D\u2019Or. As conversas foram iniciadas em reuni\u00e3o realizada nessa ter\u00e7a (11), na sede do SindEnfermeiro. Profissionais da rede privada de sa\u00fade &#8211; assim como os servidores p\u00fablicos &#8211; est\u00e3o sempre amparados pelo suporte do nosso sindicato. Nosso trabalho \u00e9 [&hellip;]<\/p>\n","protected":false},"author":6,"featured_media":1217,"comment_status":"closed","ping_status":"closed","sticky":false,"template":"","format":"standard","meta":{"footnotes":""},"categories":[6,2],"tags":[],"class_list":["post-1215","post","type-post","status-publish","format-standard","has-post-thumbnail","hentry","category-noticias","category-teste"],"_links":{"self":[{"href":"https:\/\/sindenfermeiro.com.br\/index.php\/wp-json\/wp\/v2\/posts\/1215","targetHints":{"allow":["GET"]}}],"collection":[{"href":"https:\/\/sindenfermeiro.com.br\/index.php\/wp-json\/wp\/v2\/posts"}],"about":[{"href":"https:\/\/sindenfermeiro.com.br\/index.php\/wp-json\/wp\/v2\/types\/post"}],"author":[{"embeddable":true,"href":"https:\/\/sindenfermeiro.com.br\/index.php\/wp-json\/wp\/v2\/users\/6"}],"replies":[{"embeddable":true,"href":"https:\/\/sindenfermeiro.com.br\/index.php\/wp-json\/wp\/v2\/comments?post=1215"}],"version-history":[{"count":1,"href":"https:\/\/sindenfermeiro.com.br\/index.php\/wp-json\/wp\/v2\/posts\/1215\/revisions"}],"predecessor-version":[{"id":37391,"href":"https:\/\/sindenfermeiro.com.br\/index.php\/wp-json\/wp\/v2\/posts\/1215\/revisions\/37391"}],"wp:featuredmedia":[{"embeddable":true,"href":"https:\/\/sindenfermeiro.com.br\/index.php\/wp-json\/"}],"wp:attachment":[{"href":"https:\/\/sindenfermeiro.com.br\/index.php\/wp-json\/wp\/v2\/media?parent=1215"}],"wp:term":[{"taxonomy":"category","embeddable":true,"href":"https:\/\/sindenfermeiro.com.br\/index.php\/wp-json\/wp\/v2\/categories?post=1215"},{"taxonomy":"post_tag","embeddable":true,"href":"https:\/\/sindenfermeiro.com.br\/index.php\/wp-json\/wp\/v2\/tags?post=1215"}],"curies":[{"name":"wp","href":"https:\/\/api.w.org\/{rel}","templated":true}]}}