{"id":1181,"date":"2017-04-07T20:01:38","date_gmt":"2017-04-07T20:01:38","guid":{"rendered":"http:\/\/www.sindenfermeiro.com.br\/?p=1181"},"modified":"2026-04-29T10:35:14","modified_gmt":"2026-04-29T13:35:14","slug":"camara-legislativa-realiza-nova-audiencia-publica-sobre-projeto-do-instituto-hospital-de-base","status":"publish","type":"post","link":"https:\/\/sindenfermeiro.com.br\/index.php\/2017\/04\/07\/camara-legislativa-realiza-nova-audiencia-publica-sobre-projeto-do-instituto-hospital-de-base\/","title":{"rendered":"C\u00e2mara Legislativa realiza nova Audi\u00eancia P\u00fablica sobre projeto do Instituto Hospital de Base"},"content":{"rendered":"<p style=\"text-align: justify\">A C\u00e2mara Legislativa realiza, na pr\u00f3xima segunda (10), Audi\u00eancia P\u00fablica para debater Projeto de Lei que estabelece Instituto Hospital de Base. A audi\u00eancia come\u00e7a \u00e0s 15h30.<\/p>\n<p style=\"text-align: justify\">A Comiss\u00e3o de Educa\u00e7\u00e3o, Sa\u00fade e Cultura da C\u00e2mara Legislativa adiou, na \u00faltima quarta (5), a an\u00e1lise da proposta do Executivo, ap\u00f3s requerimento apresentado pelo deputado Raimundo Ribeiro (PPS). O deputado solicitou que audi\u00eancias sejam realizadas para que o projeto seja discutido de forma mais ampla.<\/p>\n<p style=\"text-align: justify\">O SindEnfermeiro convoca todos os servidores e usu\u00e1rios da Sa\u00fade p\u00fablica do Distrito Federal a estarem presentes na audi\u00eancia dessa segunda.<\/p>\n<p style=\"text-align: justify\">Precisamos de todas as categorias e cidad\u00e3os mobilizados, na luta contra a privatiza\u00e7\u00e3o da Sa\u00fade, no DF.<\/p>\n<p style=\"text-align: justify\">Juntos Somos Mais Fortes!<\/p>\n<p style=\"text-align: justify\"><img loading=\"lazy\" decoding=\"async\" class=\"wp-image-1183 aligncenter\" src=\"http:\/\/www.sindenfermeiro.com.br\/wp-content\/uploads\/2017\/04\/wenface_sindenfermeiro5-900x900.png\" alt=\"wenface_sindenfermeiro5\" width=\"475\" height=\"475\" \/><\/p>\n","protected":false},"excerpt":{"rendered":"<p>A C\u00e2mara Legislativa realiza, na pr\u00f3xima segunda (10), Audi\u00eancia P\u00fablica para debater Projeto de Lei que estabelece Instituto Hospital de Base. A audi\u00eancia come\u00e7a \u00e0s 15h30. A Comiss\u00e3o de Educa\u00e7\u00e3o, Sa\u00fade e Cultura da C\u00e2mara Legislativa adiou, na \u00faltima quarta (5), a an\u00e1lise da proposta do Executivo, ap\u00f3s requerimento apresentado pelo deputado Raimundo Ribeiro (PPS). [&hellip;]<\/p>\n","protected":false},"author":6,"featured_media":1183,"comment_status":"closed","ping_status":"closed","sticky":false,"template":"","format":"standard","meta":{"footnotes":""},"categories":[6,2],"tags":[],"class_list":["post-1181","post","type-post","status-publish","format-standard","has-post-thumbnail","hentry","category-noticias","category-teste"],"_links":{"self":[{"href":"https:\/\/sindenfermeiro.com.br\/index.php\/wp-json\/wp\/v2\/posts\/1181","targetHints":{"allow":["GET"]}}],"collection":[{"href":"https:\/\/sindenfermeiro.com.br\/index.php\/wp-json\/wp\/v2\/posts"}],"about":[{"href":"https:\/\/sindenfermeiro.com.br\/index.php\/wp-json\/wp\/v2\/types\/post"}],"author":[{"embeddable":true,"href":"https:\/\/sindenfermeiro.com.br\/index.php\/wp-json\/wp\/v2\/users\/6"}],"replies":[{"embeddable":true,"href":"https:\/\/sindenfermeiro.com.br\/index.php\/wp-json\/wp\/v2\/comments?post=1181"}],"version-history":[{"count":1,"href":"https:\/\/sindenfermeiro.com.br\/index.php\/wp-json\/wp\/v2\/posts\/1181\/revisions"}],"predecessor-version":[{"id":37384,"href":"https:\/\/sindenfermeiro.com.br\/index.php\/wp-json\/wp\/v2\/posts\/1181\/revisions\/37384"}],"wp:featuredmedia":[{"embeddable":true,"href":"https:\/\/sindenfermeiro.com.br\/index.php\/wp-json\/"}],"wp:attachment":[{"href":"https:\/\/sindenfermeiro.com.br\/index.php\/wp-json\/wp\/v2\/media?parent=1181"}],"wp:term":[{"taxonomy":"category","embeddable":true,"href":"https:\/\/sindenfermeiro.com.br\/index.php\/wp-json\/wp\/v2\/categories?post=1181"},{"taxonomy":"post_tag","embeddable":true,"href":"https:\/\/sindenfermeiro.com.br\/index.php\/wp-json\/wp\/v2\/tags?post=1181"}],"curies":[{"name":"wp","href":"https:\/\/api.w.org\/{rel}","templated":true}]}}