{"id":1173,"date":"2017-04-07T18:54:50","date_gmt":"2017-04-07T18:54:50","guid":{"rendered":"http:\/\/www.sindenfermeiro.com.br\/?p=1173"},"modified":"2026-05-01T05:40:41","modified_gmt":"2026-05-01T08:40:41","slug":"nota-de-esclarecimento-recadastramento-para-gtit-esta-suspenso-provisoriamente","status":"publish","type":"post","link":"https:\/\/sindenfermeiro.com.br\/index.php\/2017\/04\/07\/nota-de-esclarecimento-recadastramento-para-gtit-esta-suspenso-provisoriamente\/","title":{"rendered":"Nota de Esclarecimento: Recadastramento para GTIT est\u00e1 suspenso provisoriamente"},"content":{"rendered":"<p style=\"text-align: justify\">O Sindicato dos Enfermeiros do Distrito Federal (SindEnfermeiro-DF) refor\u00e7a os esclarecimentos a respeito da Decis\u00e3o n. 1174\/2017 do Tribunal de Contas do Distrito Federal (TCDF), que suspende (provisoriamente) a obrigatoriedade do cadastro e recadastro de t\u00edtulos para o recebimento da Gratifica\u00e7\u00e3o por Titula\u00e7\u00e3o (GTIT). De acordo com a portaria, servidores que j\u00e1 apresentaram certificados deveriam refazer o procedimento. J\u00e1 os servidores que, at\u00e9 ent\u00e3o, n\u00e3o receberam gratifica\u00e7\u00e3o deveriam se cadastrar.<\/p>\n<p style=\"text-align: justify\"><strong>Decis\u00e3o do Tribunal de Contas<\/strong><\/p>\n<p style=\"text-align: justify\">O Tribunal de Contas do Distrito Federal (TCDF) determinou que profissionais que tiveram a gratifica\u00e7\u00e3o concedida ou majorada a partir de 2 de outubro de 2010 (cinco anos antes da Solicita\u00e7\u00e3o de A\u00e7\u00e3o Corretiva da CGDF n\u00ba 13, de 2015) n\u00e3o precisam &#8211; at\u00e9 segunda ordem &#8211; recadastrar seus t\u00edtulos, no prazo de 60 dias (contados desde a publica\u00e7\u00e3o da Portaria 141\/2017). Servidores que tiveram gratifica\u00e7\u00e3o concedida e majorada antes de outubro de 2010, e que teriam o prazo de 120 dias\u00a0(contados a partir da\u00a0publica\u00e7\u00e3o da\u00a0141), tamb\u00e9m n\u00e3o precisam recadastrar t\u00edtulos, enquanto a decis\u00e3o do TCDF vigorar.<\/p>\n<p style=\"text-align: justify\">Com a decis\u00e3o do tribunal, os efeitos da Portaria 141 (publica em 21 de mar\u00e7o) est\u00e3o estagnados. Ou seja, at\u00e9 ent\u00e3o, o prazo estabelecido pela portaria para o recadastramento correu por apenas dois dias (de 21 a 23 de mar\u00e7o, data da publica\u00e7\u00e3o do TCDF). Desde a decis\u00e3o do tribunal, os prazo est\u00e3o congelados.<\/p>\n<p style=\"text-align: justify\">O Tribunal de Contas tamb\u00e9m suspendeu a limita\u00e7\u00e3o e a cumulatividade &#8211; impostas pelo Governo do Distrito Federal &#8211; a 30% do vencimento b\u00e1sico e de t\u00edtulos de mesma natureza, como a apresenta\u00e7\u00e3o de certificados por mais de um curso de especializa\u00e7\u00e3o.<\/p>\n<p style=\"text-align: justify\"><img loading=\"lazy\" decoding=\"async\" class=\" wp-image-1175 aligncenter\" src=\"http:\/\/www.sindenfermeiro.com.br\/wp-content\/uploads\/2017\/04\/wenface_sindenfermeiro6-900x900.png\" alt=\"wenface_sindenfermeiro6\" width=\"312\" height=\"312\" \/><\/p>\n<p style=\"text-align: justify\"><strong>Car\u00e1ter provis\u00f3rio<\/strong><\/p>\n<p style=\"text-align: justify\">O departamento jur\u00eddico do SindEnfermeiro faz um alerta aos servidores a respeito do aspecto tempor\u00e1rio da decis\u00e3o do TCDF. Nossos advogados ressaltam que \u201ctrata-se de tutela de urg\u00eancia, de car\u00e1ter provis\u00f3rio, proferida por meio de cogni\u00e7\u00e3o sum\u00e1ria, a qual pode ser revogada a qualquer momento\u201d.<\/p>\n<p style=\"text-align: justify\">Portanto, o Sindicato dos Enfermeiro refor\u00e7a que a suspens\u00e3o dos artigos da Portaria 141, mencionados na decis\u00e3o do TCDF, pode ser revista a qualquer momento.<\/p>\n<p style=\"text-align: justify\">O sindicato (atrav\u00e9s de sua dire\u00e7\u00e3o e\u00a0seu departamento jur\u00eddico) continua na luta para preservar todos os direitos dos enfermeiros do Distrito Federal.\u00a0N\u00f3s acompanhamos o caso e informaremos, aos servidores, todas as atualiza\u00e7\u00f5es a cerca do\u00a0assunto.<\/p>\n<p style=\"text-align: justify\">Juntos Somos Mais Fortes!<\/p>\n<p>&nbsp;<\/p>\n","protected":false},"excerpt":{"rendered":"<p>O Sindicato dos Enfermeiros do Distrito Federal (SindEnfermeiro-DF) refor\u00e7a os esclarecimentos a respeito da Decis\u00e3o n. 1174\/2017 do Tribunal de Contas do Distrito Federal (TCDF), que suspende (provisoriamente) a obrigatoriedade do cadastro e recadastro de t\u00edtulos para o recebimento da Gratifica\u00e7\u00e3o por Titula\u00e7\u00e3o (GTIT). De acordo com a portaria, servidores que j\u00e1 apresentaram certificados deveriam [&hellip;]<\/p>\n","protected":false},"author":6,"featured_media":1175,"comment_status":"closed","ping_status":"closed","sticky":false,"template":"","format":"standard","meta":{"footnotes":""},"categories":[6,16,2],"tags":[],"class_list":["post-1173","post","type-post","status-publish","format-standard","has-post-thumbnail","hentry","category-noticias","category-processos","category-teste"],"_links":{"self":[{"href":"https:\/\/sindenfermeiro.com.br\/index.php\/wp-json\/wp\/v2\/posts\/1173","targetHints":{"allow":["GET"]}}],"collection":[{"href":"https:\/\/sindenfermeiro.com.br\/index.php\/wp-json\/wp\/v2\/posts"}],"about":[{"href":"https:\/\/sindenfermeiro.com.br\/index.php\/wp-json\/wp\/v2\/types\/post"}],"author":[{"embeddable":true,"href":"https:\/\/sindenfermeiro.com.br\/index.php\/wp-json\/wp\/v2\/users\/6"}],"replies":[{"embeddable":true,"href":"https:\/\/sindenfermeiro.com.br\/index.php\/wp-json\/wp\/v2\/comments?post=1173"}],"version-history":[{"count":1,"href":"https:\/\/sindenfermeiro.com.br\/index.php\/wp-json\/wp\/v2\/posts\/1173\/revisions"}],"predecessor-version":[{"id":32827,"href":"https:\/\/sindenfermeiro.com.br\/index.php\/wp-json\/wp\/v2\/posts\/1173\/revisions\/32827"}],"wp:featuredmedia":[{"embeddable":true,"href":"https:\/\/sindenfermeiro.com.br\/index.php\/wp-json\/"}],"wp:attachment":[{"href":"https:\/\/sindenfermeiro.com.br\/index.php\/wp-json\/wp\/v2\/media?parent=1173"}],"wp:term":[{"taxonomy":"category","embeddable":true,"href":"https:\/\/sindenfermeiro.com.br\/index.php\/wp-json\/wp\/v2\/categories?post=1173"},{"taxonomy":"post_tag","embeddable":true,"href":"https:\/\/sindenfermeiro.com.br\/index.php\/wp-json\/wp\/v2\/tags?post=1173"}],"curies":[{"name":"wp","href":"https:\/\/api.w.org\/{rel}","templated":true}]}}