{"id":1157,"date":"2017-04-05T18:37:32","date_gmt":"2017-04-05T18:37:32","guid":{"rendered":"http:\/\/www.sindenfermeiro.com.br\/?p=1157"},"modified":"2026-04-29T10:34:13","modified_gmt":"2026-04-29T13:34:13","slug":"comissao-suspende-votacao-de-projeto-do-instituto-hospital-de-base","status":"publish","type":"post","link":"https:\/\/sindenfermeiro.com.br\/index.php\/2017\/04\/05\/comissao-suspende-votacao-de-projeto-do-instituto-hospital-de-base\/","title":{"rendered":"Comiss\u00e3o suspende vota\u00e7\u00e3o de projeto do Instituto Hospital de Base"},"content":{"rendered":"<p style=\"text-align: justify\"><em><strong>Minist\u00e9rios P\u00fablicos fizeram recomenda\u00e7\u00e3o, ao GDF, contra a proposta de privatiza\u00e7\u00e3o da Sa\u00fade\u00a0<\/strong><\/em><\/p>\n<p style=\"text-align: justify\">A Comiss\u00e3o de Educa\u00e7\u00e3o, Sa\u00fade e Cultura da C\u00e2mara Legislativa adiou a an\u00e1lise do Projeto de Lei (PL n\u00ba 1.486\/2017), do Executivo, que estabelece o Instituto Hospital de Base. A proposta n\u00e3o foi apreciada na reuni\u00e3o dessa quarta (5), em virtude da aus\u00eancia do relator da mat\u00e9ria, deputado Juarez\u00e3o (PSB), e do requerimento de audi\u00eancia p\u00fablica, apresentado pelo deputado Raimundo Ribeiro (PPS), para que o projeto seja discutido de forma mais ampla.<\/p>\n<p style=\"text-align: justify\">De acordo com Raimundo Ribeiro o debate sobre a proposta n\u00e3o pode ficar restrito \u201capenas aos deputados que integram a comiss\u00e3o (de Educa\u00e7\u00e3o, Sa\u00fade e Cultura)\u201d. O deputado entende que a sociedade deve \u201cparticipar efetivamente\u201d. \u201cO que n\u00f3s queremos \u00e9 discutir com os principais interessados. At\u00e9 porque governante passa. O que n\u00e3o passa \u00e9 o servi\u00e7o p\u00fablico prestado \u00e0 sociedade\u201d, disse o Raimundo Ribeiro.<\/p>\n<p style=\"text-align: justify\"><img loading=\"lazy\" decoding=\"async\" class=\" wp-image-1159 aligncenter\" src=\"http:\/\/www.sindenfermeiro.com.br\/wp-content\/uploads\/2017\/04\/IMG_9450.jpg\" alt=\"IMG_9450\" width=\"554\" height=\"369\" \/><\/p>\n<p style=\"text-align: justify\"><img loading=\"lazy\" decoding=\"async\" class=\" wp-image-1167 aligncenter\" src=\"http:\/\/www.sindenfermeiro.com.br\/wp-content\/uploads\/2017\/04\/IMG_9510.jpg\" alt=\"IMG_9510\" width=\"558\" height=\"372\" \/><\/p>\n<p style=\"text-align: justify\"><strong>Recomenda\u00e7\u00e3o dos Minist\u00e9rios P\u00fablicos<\/strong><\/p>\n<p style=\"text-align: justify\">Durante a reuni\u00e3o, o presidente da Comiss\u00e3o de Educa\u00e7\u00e3o, Sa\u00fade e Cultura, deputado Wasny de Roure (PT) apresentou a Recomenda\u00e7\u00e3o 1\/2016, feita pelos Minist\u00e9rios P\u00fablicos do Distrito Federal e Territ\u00f3rios (MPDFT), de Contas (MPC-DF) e do Trabalho (MPT) \u2013 ao GDF \u2013 para que o Poder Executivo se abstenha de \u201ccelebrar contrato de gest\u00e3o por Organiza\u00e7\u00f5es Sociais, no Distrito Federal, sem o cumprimento da lei (notadamente da Lei de Responsabilidade Fiscal)\u201d.<\/p>\n<p style=\"text-align: justify\"><strong>Semin\u00e1rio e Debates<\/strong><\/p>\n<p style=\"text-align: justify\">Em reuni\u00e3o \u2013 na \u00faltima segunda (3) &#8211; entre parlamentares, sindicatos, Minist\u00e9rio P\u00fablico e o GDF, o presidente da C\u00e2mara Legislativa, deputado Joe Valle (PDT) sugeriu a realiza\u00e7\u00e3o de um semin\u00e1rio, al\u00e9m de outros debates sobre o projeto. &#8220;Nosso objetivo \u00e9 esgotar as discuss\u00f5es sobre esse projeto, dada sua magnitude para o sistema de sa\u00fade do DF&#8221;, afirmou o deputado.<\/p>\n<p style=\"text-align: justify\"><img loading=\"lazy\" decoding=\"async\" class=\" wp-image-1163 aligncenter\" src=\"http:\/\/www.sindenfermeiro.com.br\/wp-content\/uploads\/2017\/04\/IMG_9468.jpg\" alt=\"IMG_9468\" width=\"512\" height=\"341\" \/> <img loading=\"lazy\" decoding=\"async\" class=\"wp-image-1160 aligncenter\" src=\"http:\/\/www.sindenfermeiro.com.br\/wp-content\/uploads\/2017\/04\/IMG_9457.jpg\" alt=\"IMG_9457\" width=\"512\" height=\"342\" \/><\/p>\n<p style=\"text-align: justify\"><strong>Por um SUS 100% p\u00fablico e de qualidade<\/strong><\/p>\n<p style=\"text-align: justify\">O Sindicato dos Enfermeiros agradece a todos os profissionais e usu\u00e1rios da Sa\u00fade que estiveram presentes na reuni\u00e3o da Comiss\u00e3o de Educa\u00e7\u00e3o, Sa\u00fade e Cultura, realizada nessa quarta (5). A mobiliza\u00e7\u00e3o, claramente, motivou os deputados da Casa a olharem para o projeto da maneira como ele deve ser olhado: com toda a cautela.<\/p>\n<p style=\"text-align: justify\">O SindEnfermeiro convoca todos os servidores e usu\u00e1rios da Sa\u00fade p\u00fablica do Distrito Federal a estarem atentos aos pr\u00f3ximos informes a respeito do projeto que sugere a cria\u00e7\u00e3o do Instituto Hospital de Base.<\/p>\n<p style=\"text-align: justify\">O Distrito Federal precisa de todas as categorias e cidad\u00e3os mobilizados nessa luta contra a privatiza\u00e7\u00e3o da Sa\u00fade.<\/p>\n<p style=\"text-align: justify\">Juntos Somos Mais Fortes!<\/p>\n<p style=\"text-align: justify\"><img loading=\"lazy\" decoding=\"async\" class=\" wp-image-1162 aligncenter\" src=\"http:\/\/www.sindenfermeiro.com.br\/wp-content\/uploads\/2017\/04\/IMG_9466.jpg\" alt=\"IMG_9466\" width=\"545\" height=\"363\" \/><\/p>\n<p style=\"text-align: justify\"><img loading=\"lazy\" decoding=\"async\" class=\" wp-image-1161 aligncenter\" src=\"http:\/\/www.sindenfermeiro.com.br\/wp-content\/uploads\/2017\/04\/IMG_9462.jpg\" alt=\"IMG_9462\" width=\"548\" height=\"365\" \/> <img loading=\"lazy\" decoding=\"async\" class=\" wp-image-1168 aligncenter\" src=\"http:\/\/www.sindenfermeiro.com.br\/wp-content\/uploads\/2017\/04\/IMG_9539.jpg\" alt=\"IMG_9539\" width=\"558\" height=\"372\" \/><\/p>\n","protected":false},"excerpt":{"rendered":"<p>Minist\u00e9rios P\u00fablicos fizeram recomenda\u00e7\u00e3o, ao GDF, contra a proposta de privatiza\u00e7\u00e3o da Sa\u00fade\u00a0 A Comiss\u00e3o de Educa\u00e7\u00e3o, Sa\u00fade e Cultura da C\u00e2mara Legislativa adiou a an\u00e1lise do Projeto de Lei (PL n\u00ba 1.486\/2017), do Executivo, que estabelece o Instituto Hospital de Base. A proposta n\u00e3o foi apreciada na reuni\u00e3o dessa quarta (5), em virtude da [&hellip;]<\/p>\n","protected":false},"author":6,"featured_media":1159,"comment_status":"closed","ping_status":"closed","sticky":false,"template":"","format":"standard","meta":{"footnotes":""},"categories":[6,2],"tags":[],"class_list":["post-1157","post","type-post","status-publish","format-standard","has-post-thumbnail","hentry","category-noticias","category-teste"],"_links":{"self":[{"href":"https:\/\/sindenfermeiro.com.br\/index.php\/wp-json\/wp\/v2\/posts\/1157","targetHints":{"allow":["GET"]}}],"collection":[{"href":"https:\/\/sindenfermeiro.com.br\/index.php\/wp-json\/wp\/v2\/posts"}],"about":[{"href":"https:\/\/sindenfermeiro.com.br\/index.php\/wp-json\/wp\/v2\/types\/post"}],"author":[{"embeddable":true,"href":"https:\/\/sindenfermeiro.com.br\/index.php\/wp-json\/wp\/v2\/users\/6"}],"replies":[{"embeddable":true,"href":"https:\/\/sindenfermeiro.com.br\/index.php\/wp-json\/wp\/v2\/comments?post=1157"}],"version-history":[{"count":1,"href":"https:\/\/sindenfermeiro.com.br\/index.php\/wp-json\/wp\/v2\/posts\/1157\/revisions"}],"predecessor-version":[{"id":29435,"href":"https:\/\/sindenfermeiro.com.br\/index.php\/wp-json\/wp\/v2\/posts\/1157\/revisions\/29435"}],"wp:featuredmedia":[{"embeddable":true,"href":"https:\/\/sindenfermeiro.com.br\/index.php\/wp-json\/"}],"wp:attachment":[{"href":"https:\/\/sindenfermeiro.com.br\/index.php\/wp-json\/wp\/v2\/media?parent=1157"}],"wp:term":[{"taxonomy":"category","embeddable":true,"href":"https:\/\/sindenfermeiro.com.br\/index.php\/wp-json\/wp\/v2\/categories?post=1157"},{"taxonomy":"post_tag","embeddable":true,"href":"https:\/\/sindenfermeiro.com.br\/index.php\/wp-json\/wp\/v2\/tags?post=1157"}],"curies":[{"name":"wp","href":"https:\/\/api.w.org\/{rel}","templated":true}]}}