{"id":1153,"date":"2017-04-04T15:29:50","date_gmt":"2017-04-04T15:29:50","guid":{"rendered":"http:\/\/www.sindenfermeiro.com.br\/?p=1153"},"modified":"2026-04-29T10:34:01","modified_gmt":"2026-04-29T13:34:01","slug":"na-camara-sindenfermeiro-debate-projeto-do-instituto-hospital-de-base","status":"publish","type":"post","link":"https:\/\/sindenfermeiro.com.br\/index.php\/2017\/04\/04\/na-camara-sindenfermeiro-debate-projeto-do-instituto-hospital-de-base\/","title":{"rendered":"Na C\u00e2mara, SindEnfermeiro debate projeto do Instituto Hospital de Base"},"content":{"rendered":"<p style=\"text-align: justify\"><em><strong>Proposta do Executivo\u00a0ser\u00e1 votada nessa quarta (5), na Casa<\/strong><\/em><\/p>\n<p style=\"text-align: justify\">Nessa segunda (3), o SindEnfermeiro participou, na C\u00e2mara Legislativa, de reuni\u00e3o para debater o Projeto de Lei do Executivo que prop\u00f5e a cria\u00e7\u00e3o do Instituto Hospital de Base. A proposta ser\u00e1 votada pela Comiss\u00e3o de Educa\u00e7\u00e3o Sa\u00fade e Cultura (CESC) da C\u00e2mara, na pr\u00f3xima quarta (5).\u00a0O projeto retira o Base da administra\u00e7\u00e3o p\u00fablica, permitindo assim, que o hospital seja instrumento de empresas que visam apenas o lucro, e n\u00e3o a sa\u00fade do cidad\u00e3o e o desenvolvimento do servidor.<\/p>\n<p style=\"text-align: justify\">O hospital &#8211; que atende casos de m\u00e9dia e alta complexidade &#8211; realiza procedimentos de alto custo. O que, com a proposta apresentada pelo Governo do Distrito Federal, atrair\u00e1 interesses de grupos econ\u00f4micos e empresas que priorizam o lucro, em detrimento da assist\u00eancia e do desenvolvimento dos profissionais da sa\u00fade.<\/p>\n<p style=\"text-align: justify\">A presidente do SindEnfermeiro, Dayse Amar\u00edlio chamou a aten\u00e7\u00e3o para o potencial econ\u00f4mico do Base e o perigo de abrir o hospital para que empresas o utilizem como fonte de renda.\u201dVamos perder uma refer\u00eancia. Como s\u00e3o procedimentos muito caros realizados ali, o hospital vai ficar exposto ao mercado de interesses econ\u00f4micos. O Base \u00e9 uma mina de dinheiro\u201d disse Dayse.<\/p>\n<p style=\"text-align: justify\">\u201c\u00c9 um embri\u00e3o da terceiriza\u00e7\u00e3o. H\u00e1 uma forte tend\u00eancia de estimular corrup\u00e7\u00e3o e a forma\u00e7\u00e3o de caixas. Fala-se que seria sem fins lucrativos, mas remuneraria os membros da administra\u00e7\u00e3o\u201d, lembrou a presidente do SindEnfermeiro, referindo-se ao fato dos membros dos conselho gestor do instituto estarem estabelecidos como remunerados.<\/p>\n<div id=\"attachment_1155\" style=\"width: 487px\" class=\"wp-caption aligncenter\"><img loading=\"lazy\" decoding=\"async\" aria-describedby=\"caption-attachment-1155\" class=\"wp-image-1155\" src=\"http:\/\/www.sindenfermeiro.com.br\/wp-content\/uploads\/2017\/04\/IMG_9347.jpg\" alt=\"IMG_9347\" width=\"477\" height=\"318\" \/><p id=\"caption-attachment-1155\" class=\"wp-caption-text\"><em>Reuni\u00e3o, na C\u00e2mara Legislativa, sobre proposta do Instituto Hospital de Base<\/em><\/p><\/div>\n<p style=\"text-align: justify\">O deputado Wasny de Roure (PT), presidente da Comiss\u00e3o de Educa\u00e7\u00e3o Sa\u00fade e Cultura, refor\u00e7ou a temeridade da proposta. \u201cO projeto deixa muitas d\u00favidas e inseguran\u00e7as. N\u00f3s ficamos muito preocupados com a colis\u00e3o de v\u00e1rios procedimentos previstos na legisla\u00e7\u00e3o\u201d, disse.<\/p>\n<p style=\"text-align: justify\">O deputado complementou destacando que o Hospital de Base n\u00e3o pode ser comparado ao Sarah Kubitschek \u2013 rela\u00e7\u00e3o feita pelo GDF com a perspectiva de indicar que o Instituto Hospital de Base seria um sucesso -. \u201cA imagem que se vende do hospital Sarah \u00e9 algo, do ponto de vista do desempenho, inquestion\u00e1vel. Mas \u00e9 bom ouvir as severas cr\u00edticas feitas ao hospital por n\u00e3o receber qualquer cidad\u00e3o que o procura. Ou seja, o Sarah n\u00e3o alcan\u00e7a os princ\u00edpios do SUS\u201d, avaliou Wasny.<\/p>\n<p style=\"text-align: justify\">A deputada Celina Le\u00e3o (PPS) chamou a aten\u00e7\u00e3o para a import\u00e2ncia de ouvir os trabalhadores da Sa\u00fade a respeito do assunto. \u201cO ponto de vista do servidor tem que ser levado em conta. Eles vivem o dia-a-dia. Eles lidam com a falta de tudo. S\u00e3o essas pessoas que realmente v\u00e3o colocar a m\u00e3o na massa\u201d, afirmou a deputada.<\/p>\n<p style=\"text-align: justify\">A procuradora-geral do Minist\u00e9rio P\u00fablico de Contas do DF, Cl\u00e1udia Fernanda refor\u00e7ou a necessidade do di\u00e1logo sobre a proposta do GDF. \u201cQueria deixar bem claro que o Minist\u00e9rio P\u00fablico de Contas n\u00e3o participou de nenhum debate sobre esse projeto. \u00c9 necess\u00e1rio fazer um mapeamento em toda a rede de sa\u00fade para que ela possa ser colocada como ela deve ser colocada\u201d, observou a procuradora-geral.<\/p>\n<p style=\"text-align: justify\"><strong>Por um SUS 100% p\u00fablico e de qualidade<\/strong><\/p>\n<p style=\"text-align: justify\">O Sindicato dos Enfermeiros convoca todos os servidores e usu\u00e1rios da Sa\u00fade p\u00fablica do Distrito Federal para estarem presentes na vota\u00e7\u00e3o do projeto que sugere a cria\u00e7\u00e3o do Instituto Hospital de Base, nessa quarta (5), a partir das 9h, na Comiss\u00e3o de Educa\u00e7\u00e3o Sa\u00fade e Cultura (CESC) da C\u00e2mara Legislativa.<\/p>\n<p style=\"text-align: justify\">O Distrito Federal precisa de todas as categorias e cidad\u00e3os mobilizados nessa luta contra a privatiza\u00e7\u00e3o da Sa\u00fade.<\/p>\n<p style=\"text-align: justify\">Leve sua for\u00e7a e fa\u00e7a valer as vozes do cidad\u00e3o e do trabalhador, na Sa\u00fade do DF.<\/p>\n<p style=\"text-align: justify\">Juntos Somos Mais Fortes!<\/p>\n<p>&nbsp;<\/p>\n","protected":false},"excerpt":{"rendered":"<p>Proposta do Executivo\u00a0ser\u00e1 votada nessa quarta (5), na Casa Nessa segunda (3), o SindEnfermeiro participou, na C\u00e2mara Legislativa, de reuni\u00e3o para debater o Projeto de Lei do Executivo que prop\u00f5e a cria\u00e7\u00e3o do Instituto Hospital de Base. A proposta ser\u00e1 votada pela Comiss\u00e3o de Educa\u00e7\u00e3o Sa\u00fade e Cultura (CESC) da C\u00e2mara, na pr\u00f3xima quarta (5).\u00a0O [&hellip;]<\/p>\n","protected":false},"author":6,"featured_media":1155,"comment_status":"closed","ping_status":"closed","sticky":false,"template":"","format":"standard","meta":{"footnotes":""},"categories":[6,2],"tags":[],"class_list":["post-1153","post","type-post","status-publish","format-standard","has-post-thumbnail","hentry","category-noticias","category-teste"],"_links":{"self":[{"href":"https:\/\/sindenfermeiro.com.br\/index.php\/wp-json\/wp\/v2\/posts\/1153","targetHints":{"allow":["GET"]}}],"collection":[{"href":"https:\/\/sindenfermeiro.com.br\/index.php\/wp-json\/wp\/v2\/posts"}],"about":[{"href":"https:\/\/sindenfermeiro.com.br\/index.php\/wp-json\/wp\/v2\/types\/post"}],"author":[{"embeddable":true,"href":"https:\/\/sindenfermeiro.com.br\/index.php\/wp-json\/wp\/v2\/users\/6"}],"replies":[{"embeddable":true,"href":"https:\/\/sindenfermeiro.com.br\/index.php\/wp-json\/wp\/v2\/comments?post=1153"}],"version-history":[{"count":1,"href":"https:\/\/sindenfermeiro.com.br\/index.php\/wp-json\/wp\/v2\/posts\/1153\/revisions"}],"predecessor-version":[{"id":37035,"href":"https:\/\/sindenfermeiro.com.br\/index.php\/wp-json\/wp\/v2\/posts\/1153\/revisions\/37035"}],"wp:featuredmedia":[{"embeddable":true,"href":"https:\/\/sindenfermeiro.com.br\/index.php\/wp-json\/"}],"wp:attachment":[{"href":"https:\/\/sindenfermeiro.com.br\/index.php\/wp-json\/wp\/v2\/media?parent=1153"}],"wp:term":[{"taxonomy":"category","embeddable":true,"href":"https:\/\/sindenfermeiro.com.br\/index.php\/wp-json\/wp\/v2\/categories?post=1153"},{"taxonomy":"post_tag","embeddable":true,"href":"https:\/\/sindenfermeiro.com.br\/index.php\/wp-json\/wp\/v2\/tags?post=1153"}],"curies":[{"name":"wp","href":"https:\/\/api.w.org\/{rel}","templated":true}]}}