{"id":1143,"date":"2017-04-03T17:36:40","date_gmt":"2017-04-03T17:36:40","guid":{"rendered":"http:\/\/www.sindenfermeiro.com.br\/?p=1143"},"modified":"2026-04-29T10:33:35","modified_gmt":"2026-04-29T13:33:35","slug":"sindenfermeiro-visita-base-e-convoca-servidores-para-votacao-do-instituto","status":"publish","type":"post","link":"https:\/\/sindenfermeiro.com.br\/index.php\/2017\/04\/03\/sindenfermeiro-visita-base-e-convoca-servidores-para-votacao-do-instituto\/","title":{"rendered":"SindEnfermeiro visita Base e convoca servidores para vota\u00e7\u00e3o do instituto"},"content":{"rendered":"<p style=\"text-align: justify\">Na manh\u00e3 dessa segunda (3), o Sindicato dos Enfermeiros do Distrito Federal (SindEnfermeiro-DF) visitou o Hospital de Base para esclarecer d\u00favidas dos servidores a cerca do projeto que estabelece o Instituto Hospital de Base (IHBDF). A visita dessa segunda faz parte do calend\u00e1rio de a\u00e7\u00f5es do SindEnfermeiro \u2013 e de outros representantes da Sa\u00fade \u2013 contra a aprova\u00e7\u00e3o da proposta, na C\u00e2mara Legislativa do Distrito Federal (CLDF). A perspectiva \u00e9 que o projeto do Executivo seja votado na pr\u00f3xima quarta (5).<\/p>\n<p style=\"text-align: justify\">O SindEnfermeiro \u00e9 contra a aprova\u00e7\u00e3o do projeto por entender, dentre outros aspectos, que a cria\u00e7\u00e3o do instituto n\u00e3o resolve os problemas da rede de sa\u00fade do DF. No entendimento do sindicato, a proposta do Executivo visa dar respaldo ao Governo do Distrito Federal (GDF) para fugir de controles como a Lei de Responsabilidade Fiscal e o concurso, no sentido de fazer valer a meritocracia no servi\u00e7o p\u00fablico.<\/p>\n<p style=\"text-align: justify\">Por essas raz\u00f5es, o Sindicato dos Enfermeiros convoca todos os servidores e usu\u00e1rios da Sa\u00fade p\u00fablica do Distrito Federal para estarem atentos aos pr\u00f3ximos alertas de vota\u00e7\u00e3o do projeto, na C\u00e2mara. O Distrito Federal precisa de todas as categorias e cidad\u00e3os mobilizados contra essa proposta de explora\u00e7\u00e3o do Hospital de Base. O projeto do instituto retira o Base da administra\u00e7\u00e3o p\u00fablica, permitindo assim, que o hospital seja instrumento de empresas que visam apenas o lucro, e n\u00e3o a sa\u00fade do cidad\u00e3o e o desenvolvimento do servidor.<\/p>\n<p style=\"text-align: justify\">A Sa\u00fade do DF precisa de cada um de n\u00f3s!<\/p>\n<p style=\"text-align: justify\">Juntos Somos Mais Fortes!<\/p>\n<p style=\"text-align: justify\">\u00a0<img loading=\"lazy\" decoding=\"async\" class=\"wp-image-1145 aligncenter\" src=\"http:\/\/www.sindenfermeiro.com.br\/wp-content\/uploads\/2017\/04\/IMG_9154.jpg\" alt=\"IMG_9154\" width=\"549\" height=\"366\" \/> <img loading=\"lazy\" decoding=\"async\" class=\"wp-image-1146 aligncenter\" src=\"http:\/\/www.sindenfermeiro.com.br\/wp-content\/uploads\/2017\/04\/IMG_9187.jpg\" alt=\"IMG_9187\" width=\"549\" height=\"366\" \/> <img loading=\"lazy\" decoding=\"async\" class=\"wp-image-1147 aligncenter\" src=\"http:\/\/www.sindenfermeiro.com.br\/wp-content\/uploads\/2017\/04\/IMG_9196.jpg\" alt=\"IMG_9196\" width=\"547\" height=\"364\" \/> <img loading=\"lazy\" decoding=\"async\" class=\"wp-image-1148 aligncenter\" src=\"http:\/\/www.sindenfermeiro.com.br\/wp-content\/uploads\/2017\/04\/IMG_9217.jpg\" alt=\"IMG_9217\" width=\"542\" height=\"361\" \/> <img loading=\"lazy\" decoding=\"async\" class=\" wp-image-1149 aligncenter\" src=\"http:\/\/www.sindenfermeiro.com.br\/wp-content\/uploads\/2017\/04\/IMG_9220.jpg\" alt=\"IMG_9220\" width=\"539\" height=\"359\" \/> <img loading=\"lazy\" decoding=\"async\" class=\" wp-image-1150 aligncenter\" src=\"http:\/\/www.sindenfermeiro.com.br\/wp-content\/uploads\/2017\/04\/IMG_9225.jpg\" alt=\"IMG_9225\" width=\"538\" height=\"359\" \/> <img loading=\"lazy\" decoding=\"async\" class=\" wp-image-1151 aligncenter\" src=\"http:\/\/www.sindenfermeiro.com.br\/wp-content\/uploads\/2017\/04\/IMG_9291.jpg\" alt=\"IMG_9291\" width=\"537\" height=\"358\" \/><\/p>\n","protected":false},"excerpt":{"rendered":"<p>Na manh\u00e3 dessa segunda (3), o Sindicato dos Enfermeiros do Distrito Federal (SindEnfermeiro-DF) visitou o Hospital de Base para esclarecer d\u00favidas dos servidores a cerca do projeto que estabelece o Instituto Hospital de Base (IHBDF). A visita dessa segunda faz parte do calend\u00e1rio de a\u00e7\u00f5es do SindEnfermeiro \u2013 e de outros representantes da Sa\u00fade \u2013 [&hellip;]<\/p>\n","protected":false},"author":6,"featured_media":1146,"comment_status":"closed","ping_status":"closed","sticky":false,"template":"","format":"standard","meta":{"footnotes":""},"categories":[6,2],"tags":[],"class_list":["post-1143","post","type-post","status-publish","format-standard","has-post-thumbnail","hentry","category-noticias","category-teste"],"_links":{"self":[{"href":"https:\/\/sindenfermeiro.com.br\/index.php\/wp-json\/wp\/v2\/posts\/1143","targetHints":{"allow":["GET"]}}],"collection":[{"href":"https:\/\/sindenfermeiro.com.br\/index.php\/wp-json\/wp\/v2\/posts"}],"about":[{"href":"https:\/\/sindenfermeiro.com.br\/index.php\/wp-json\/wp\/v2\/types\/post"}],"author":[{"embeddable":true,"href":"https:\/\/sindenfermeiro.com.br\/index.php\/wp-json\/wp\/v2\/users\/6"}],"replies":[{"embeddable":true,"href":"https:\/\/sindenfermeiro.com.br\/index.php\/wp-json\/wp\/v2\/comments?post=1143"}],"version-history":[{"count":1,"href":"https:\/\/sindenfermeiro.com.br\/index.php\/wp-json\/wp\/v2\/posts\/1143\/revisions"}],"predecessor-version":[{"id":37395,"href":"https:\/\/sindenfermeiro.com.br\/index.php\/wp-json\/wp\/v2\/posts\/1143\/revisions\/37395"}],"wp:featuredmedia":[{"embeddable":true,"href":"https:\/\/sindenfermeiro.com.br\/index.php\/wp-json\/"}],"wp:attachment":[{"href":"https:\/\/sindenfermeiro.com.br\/index.php\/wp-json\/wp\/v2\/media?parent=1143"}],"wp:term":[{"taxonomy":"category","embeddable":true,"href":"https:\/\/sindenfermeiro.com.br\/index.php\/wp-json\/wp\/v2\/categories?post=1143"},{"taxonomy":"post_tag","embeddable":true,"href":"https:\/\/sindenfermeiro.com.br\/index.php\/wp-json\/wp\/v2\/tags?post=1143"}],"curies":[{"name":"wp","href":"https:\/\/api.w.org\/{rel}","templated":true}]}}