{"id":1108,"date":"2017-03-28T22:14:26","date_gmt":"2017-03-28T22:14:26","guid":{"rendered":"http:\/\/www.sindenfermeiro.com.br\/?p=1108"},"modified":"2026-04-29T09:22:34","modified_gmt":"2026-04-29T12:22:34","slug":"em-visita-a-camara-sindenfermeiro-se-mobiliza-contra-instituto-hospital-de-base","status":"publish","type":"post","link":"https:\/\/sindenfermeiro.com.br\/index.php\/2017\/03\/28\/em-visita-a-camara-sindenfermeiro-se-mobiliza-contra-instituto-hospital-de-base\/","title":{"rendered":"Em visita a C\u00e2mara, SindEnfermeiro se mobiliza contra Instituto Hospital de Base"},"content":{"rendered":"<p style=\"text-align: justify\">Nessa ter\u00e7a (28), o Sindicato dos Enfermeiros do Distrito Federal (SindEnfermeiro-DF) visitou \u2013 juntamente com outros sindicatos da Sa\u00fade \u2013 a C\u00e2mara Legislativa (CLDF), com o objetivo de sensibilizar os parlamentares a respeito do Projeto de Lei (PL 1.486\/2017) que estabelece o Instituto Hospital de Base (IHBDF). O SindEnfermeiro \u00e9 contra a aprova\u00e7\u00e3o do projeto por entender, dentre outros aspectos, que a cria\u00e7\u00e3o do instituto n\u00e3o resolve os problemas da rede de sa\u00fade do DF.<\/p>\n<p style=\"text-align: justify\">O sindicato conversou com os deputados &#8211; e assessores &#8211; Reginaldo Veras (PDT), Juarez\u00e3o (PSB), Luzia de Paula (PSB) e Raimundo Ribeiro (PPS), integrantes da Comiss\u00e3o de Sa\u00fade, Educa\u00e7\u00e3o e Cultura (CESC), aonde o projeto deve ser votado em breve. Wasny de Roure (PT), presidente da comiss\u00e3o, agendou &#8211; para a pr\u00f3xima segunda (3) &#8211; um novo encontro com os representantes sindicais para tratar do assunto.<\/p>\n<p style=\"text-align: justify\"><strong>Mobiliza\u00e7\u00e3o <\/strong><\/p>\n<p style=\"text-align: justify\">A Comiss\u00e3o de Sa\u00fade, Educa\u00e7\u00e3o e Cultura deve votar o projeto no pr\u00f3ximo dia 5 (quarta), \u00e0s 10h. Por isso, o SindEnfermeiro alerta toda a categoria, concursados e cidad\u00e3os que se preocupam com a sa\u00fade do Distrito Federal para que estejam atentos aos pr\u00f3ximos informes. Antes da vota\u00e7\u00e3o, o sindicato deve comparecer ao Hospital de Base para mais uma mobiliza\u00e7\u00e3o e esclarecimentos a cerca do projeto do executivo.<\/p>\n<p style=\"text-align: justify\">Fiquem atentos! A sa\u00fade do Distrito Federal precisa de cada um de n\u00f3s!<\/p>\n<p style=\"text-align: justify\">Juntos Somos Mais Fortes!<\/p>\n<p style=\"text-align: justify\"><img loading=\"lazy\" decoding=\"async\" class=\"wp-image-1110 aligncenter\" src=\"http:\/\/www.sindenfermeiro.com.br\/wp-content\/uploads\/2017\/03\/IMG_8916.jpg\" alt=\"IMG_8916\" width=\"473\" height=\"315\" \/> <img loading=\"lazy\" decoding=\"async\" class=\"wp-image-1109 aligncenter\" src=\"http:\/\/www.sindenfermeiro.com.br\/wp-content\/uploads\/2017\/03\/IMG_8912.jpg\" alt=\"IMG_8912\" width=\"474\" height=\"316\" \/> <img loading=\"lazy\" decoding=\"async\" class=\"wp-image-1111 aligncenter\" src=\"http:\/\/www.sindenfermeiro.com.br\/wp-content\/uploads\/2017\/03\/IMG_8935.jpg\" alt=\"IMG_8935\" width=\"474\" height=\"316\" \/> <img loading=\"lazy\" decoding=\"async\" class=\"wp-image-1112 aligncenter\" src=\"http:\/\/www.sindenfermeiro.com.br\/wp-content\/uploads\/2017\/03\/IMG_8972.jpg\" alt=\"IMG_8972\" width=\"477\" height=\"318\" \/> <img loading=\"lazy\" decoding=\"async\" class=\"wp-image-1114 aligncenter\" src=\"http:\/\/www.sindenfermeiro.com.br\/wp-content\/uploads\/2017\/03\/IMG_8939.jpg\" alt=\"IMG_8939\" width=\"477\" height=\"319\" \/> <img loading=\"lazy\" decoding=\"async\" class=\"wp-image-1116 aligncenter\" src=\"http:\/\/www.sindenfermeiro.com.br\/wp-content\/uploads\/2017\/03\/IMG_9009.jpg\" alt=\"IMG_9009\" width=\"481\" height=\"321\" \/> <img loading=\"lazy\" decoding=\"async\" class=\"wp-image-1118 aligncenter\" src=\"http:\/\/www.sindenfermeiro.com.br\/wp-content\/uploads\/2017\/03\/IMG_9043.jpg\" alt=\"IMG_9043\" width=\"479\" height=\"319\" \/> <img loading=\"lazy\" decoding=\"async\" class=\"wp-image-1120 aligncenter\" src=\"http:\/\/www.sindenfermeiro.com.br\/wp-content\/uploads\/2017\/03\/IMG_9052.jpg\" alt=\"IMG_9052\" width=\"478\" height=\"319\" \/><\/p>\n<p>&nbsp;<\/p>\n","protected":false},"excerpt":{"rendered":"<p>Nessa ter\u00e7a (28), o Sindicato dos Enfermeiros do Distrito Federal (SindEnfermeiro-DF) visitou \u2013 juntamente com outros sindicatos da Sa\u00fade \u2013 a C\u00e2mara Legislativa (CLDF), com o objetivo de sensibilizar os parlamentares a respeito do Projeto de Lei (PL 1.486\/2017) que estabelece o Instituto Hospital de Base (IHBDF). O SindEnfermeiro \u00e9 contra a aprova\u00e7\u00e3o do projeto [&hellip;]<\/p>\n","protected":false},"author":6,"featured_media":1109,"comment_status":"closed","ping_status":"closed","sticky":false,"template":"","format":"standard","meta":{"footnotes":""},"categories":[6,2],"tags":[],"class_list":["post-1108","post","type-post","status-publish","format-standard","has-post-thumbnail","hentry","category-noticias","category-teste"],"_links":{"self":[{"href":"https:\/\/sindenfermeiro.com.br\/index.php\/wp-json\/wp\/v2\/posts\/1108","targetHints":{"allow":["GET"]}}],"collection":[{"href":"https:\/\/sindenfermeiro.com.br\/index.php\/wp-json\/wp\/v2\/posts"}],"about":[{"href":"https:\/\/sindenfermeiro.com.br\/index.php\/wp-json\/wp\/v2\/types\/post"}],"author":[{"embeddable":true,"href":"https:\/\/sindenfermeiro.com.br\/index.php\/wp-json\/wp\/v2\/users\/6"}],"replies":[{"embeddable":true,"href":"https:\/\/sindenfermeiro.com.br\/index.php\/wp-json\/wp\/v2\/comments?post=1108"}],"version-history":[{"count":1,"href":"https:\/\/sindenfermeiro.com.br\/index.php\/wp-json\/wp\/v2\/posts\/1108\/revisions"}],"predecessor-version":[{"id":37377,"href":"https:\/\/sindenfermeiro.com.br\/index.php\/wp-json\/wp\/v2\/posts\/1108\/revisions\/37377"}],"wp:featuredmedia":[{"embeddable":true,"href":"https:\/\/sindenfermeiro.com.br\/index.php\/wp-json\/"}],"wp:attachment":[{"href":"https:\/\/sindenfermeiro.com.br\/index.php\/wp-json\/wp\/v2\/media?parent=1108"}],"wp:term":[{"taxonomy":"category","embeddable":true,"href":"https:\/\/sindenfermeiro.com.br\/index.php\/wp-json\/wp\/v2\/categories?post=1108"},{"taxonomy":"post_tag","embeddable":true,"href":"https:\/\/sindenfermeiro.com.br\/index.php\/wp-json\/wp\/v2\/tags?post=1108"}],"curies":[{"name":"wp","href":"https:\/\/api.w.org\/{rel}","templated":true}]}}