{"id":1047,"date":"2017-03-27T18:18:07","date_gmt":"2017-03-27T18:18:07","guid":{"rendered":"http:\/\/www.sindenfermeiro.com.br\/?p=1047"},"modified":"2026-04-29T09:24:15","modified_gmt":"2026-04-29T12:24:15","slug":"grupo-santa-pagara-retroativo-por-alteracao-em-jornada-de-trabalho-de-enfermeiros","status":"publish","type":"post","link":"https:\/\/sindenfermeiro.com.br\/index.php\/2017\/03\/27\/grupo-santa-pagara-retroativo-por-alteracao-em-jornada-de-trabalho-de-enfermeiros\/","title":{"rendered":"Grupo Santa pagar\u00e1 reajuste de 11,62% e retroativo por altera\u00e7\u00e3o em jornada de trabalho de enfermeiros"},"content":{"rendered":"<p style=\"text-align: justify\"><em><strong>SindEnfermeiro tentava negociar com grupo desde julho de 2016. Sindicato ajuizou a\u00e7\u00e3o em favor dos profissionais<\/strong><\/em><\/p>\n<p style=\"text-align: justify\">Em reuni\u00e3o realizada nessa segunda (27), o Sindicato dos Enfermeiros do Distrito Federal (SindEnfermeiro-DF) acordou com a diretoria do Grupo Santa, o pagamento \u2013 aos enfermeiros do Hospital Santa L\u00facia \u2013 dos retroativos referentes a maio de 2016 at\u00e9 abril de 2017, al\u00e9m do reajuste de 11,62% pela altera\u00e7\u00e3o da jornada de trabalho de 12\/60 para 12\/36, sem equipara\u00e7\u00e3o salarial.<\/p>\n<p style=\"text-align: justify\">Em virtude das circunst\u00e2ncias impostas pelo Grupo Santa aos profissionais do Hospital Santa L\u00facia e depois de frequentes tentativas frustradas de negocia\u00e7\u00e3o, o SindEnfermeiro ajuizou &#8211; em julho de 2016 &#8211;\u00a0<a href=\"https:\/\/pje.trt10.jus.br\/consultaprocessual\/pages\/consultas\/DetalhaProcesso.seam?p_num_pje=151304&amp;p_grau_pje=1&amp;popup=0&amp;dt_autuacao=&amp;cid=2324593\">A\u00e7\u00e3o\u00a0Reclamat\u00f3ria Trabalhista<\/a> em face do hospital e, desde ent\u00e3o, negocia as devidas equipara\u00e7\u00f5es com a dire\u00e7\u00e3o do grupo gestor do hospital.<\/p>\n<p style=\"text-align: justify\">Nos pr\u00f3ximos dias, o SindEnfermeiro convocar\u00e1 Assembleia para apresentar o Acordo Coletivo proposto pelo Grupo Santa.<\/p>\n<div id=\"attachment_1048\" style=\"width: 554px\" class=\"wp-caption aligncenter\"><img loading=\"lazy\" decoding=\"async\" aria-describedby=\"caption-attachment-1048\" class=\"wp-image-1048\" src=\"http:\/\/www.sindenfermeiro.com.br\/wp-content\/uploads\/2017\/03\/WhatsApp-Image-2017-03-27-at-14.22.45-900x506.jpeg\" alt=\"WhatsApp Image 2017-03-27 at 14.22.45\" width=\"544\" height=\"306\" \/><p id=\"caption-attachment-1048\" class=\"wp-caption-text\"><em>SindEnfermeiro re\u00fane-se com diretoria do Grupo Santa<\/em><\/p><\/div>\n","protected":false},"excerpt":{"rendered":"<p>SindEnfermeiro tentava negociar com grupo desde julho de 2016. Sindicato ajuizou a\u00e7\u00e3o em favor dos profissionais Em reuni\u00e3o realizada nessa segunda (27), o Sindicato dos Enfermeiros do Distrito Federal (SindEnfermeiro-DF) acordou com a diretoria do Grupo Santa, o pagamento \u2013 aos enfermeiros do Hospital Santa L\u00facia \u2013 dos retroativos referentes a maio de 2016 at\u00e9 [&hellip;]<\/p>\n","protected":false},"author":6,"featured_media":1048,"comment_status":"closed","ping_status":"closed","sticky":false,"template":"","format":"standard","meta":{"footnotes":""},"categories":[6,2],"tags":[],"class_list":["post-1047","post","type-post","status-publish","format-standard","has-post-thumbnail","hentry","category-noticias","category-teste"],"_links":{"self":[{"href":"https:\/\/sindenfermeiro.com.br\/index.php\/wp-json\/wp\/v2\/posts\/1047","targetHints":{"allow":["GET"]}}],"collection":[{"href":"https:\/\/sindenfermeiro.com.br\/index.php\/wp-json\/wp\/v2\/posts"}],"about":[{"href":"https:\/\/sindenfermeiro.com.br\/index.php\/wp-json\/wp\/v2\/types\/post"}],"author":[{"embeddable":true,"href":"https:\/\/sindenfermeiro.com.br\/index.php\/wp-json\/wp\/v2\/users\/6"}],"replies":[{"embeddable":true,"href":"https:\/\/sindenfermeiro.com.br\/index.php\/wp-json\/wp\/v2\/comments?post=1047"}],"version-history":[{"count":1,"href":"https:\/\/sindenfermeiro.com.br\/index.php\/wp-json\/wp\/v2\/posts\/1047\/revisions"}],"predecessor-version":[{"id":36770,"href":"https:\/\/sindenfermeiro.com.br\/index.php\/wp-json\/wp\/v2\/posts\/1047\/revisions\/36770"}],"wp:featuredmedia":[{"embeddable":true,"href":"https:\/\/sindenfermeiro.com.br\/index.php\/wp-json\/"}],"wp:attachment":[{"href":"https:\/\/sindenfermeiro.com.br\/index.php\/wp-json\/wp\/v2\/media?parent=1047"}],"wp:term":[{"taxonomy":"category","embeddable":true,"href":"https:\/\/sindenfermeiro.com.br\/index.php\/wp-json\/wp\/v2\/categories?post=1047"},{"taxonomy":"post_tag","embeddable":true,"href":"https:\/\/sindenfermeiro.com.br\/index.php\/wp-json\/wp\/v2\/tags?post=1047"}],"curies":[{"name":"wp","href":"https:\/\/api.w.org\/{rel}","templated":true}]}}