{"id":1028,"date":"2017-03-24T18:22:35","date_gmt":"2017-03-24T18:22:35","guid":{"rendered":"http:\/\/www.sindenfermeiro.com.br\/?p=1028"},"modified":"2026-05-01T05:44:21","modified_gmt":"2026-05-01T08:44:21","slug":"sindenfermeiro-envia-oficio-e-se-disponibiliza-a-denfender-profissional-envolvida-em-queda-de-crianca-no-hrg","status":"publish","type":"post","link":"https:\/\/sindenfermeiro.com.br\/index.php\/2017\/03\/24\/sindenfermeiro-envia-oficio-e-se-disponibiliza-a-denfender-profissional-envolvida-em-queda-de-crianca-no-hrg\/","title":{"rendered":"SindEnfermeiro disponibiliza defesa \u00e0 profissional envolvida em queda de crian\u00e7a no HRG"},"content":{"rendered":"<p style=\"text-align: justify\"><em><strong>Objetivo \u00e9\u00a0resguardar\u00a0enfermeira\u00a0e garantir direito de defesa<\/strong><\/em><\/p>\n<p style=\"text-align: justify\">O Sindicato dos Enfermeiros do Distrito Federal (SindEnfermeiro-DF) &#8211; ap\u00f3s sucessivas tentativas de contactar a servidora envolvida na queda de uma crian\u00e7a, no Hospital Regional do Gama (HRG), no dia 21 de mar\u00e7o \u2013 encaminhou ofi\u0301cio\u00a0\u00e0 ger\u00eancia de enfermagem do hospital, solicitando que essa ger\u00eancia comunique \u00e0 referida enfermeira que o sindicato est\u00e1 \u00e0 inteira disposi\u00e7\u00e3o \u2013 juntamente com seu departamento jur\u00eddico \u2013 para oferecer \u00e0 servidora, todo o suporte, no que se refere a trabalhar para que a profissional tenha todos os seus direitos \u2013 inclusive o de ampla defesa \u2013 garantidos e que, assim, todo o ocorrido seja esclarecido sem que seja imputada \u00e0 servidora qualquer julgamento que n\u00e3o seja o\u00a0 absolutamente devido.<\/p>\n<p style=\"text-align: justify\"><img loading=\"lazy\" decoding=\"async\" class=\" wp-image-1037 aligncenter\" src=\"http:\/\/www.sindenfermeiro.com.br\/wp-content\/uploads\/2017\/03\/CCI_0000012-631x900.jpg\" alt=\"CCI_0000012\" width=\"358\" height=\"511\" \/><\/p>\n","protected":false},"excerpt":{"rendered":"<p>Objetivo \u00e9\u00a0resguardar\u00a0enfermeira\u00a0e garantir direito de defesa O Sindicato dos Enfermeiros do Distrito Federal (SindEnfermeiro-DF) &#8211; ap\u00f3s sucessivas tentativas de contactar a servidora envolvida na queda de uma crian\u00e7a, no Hospital Regional do Gama (HRG), no dia 21 de mar\u00e7o \u2013 encaminhou ofi\u0301cio\u00a0\u00e0 ger\u00eancia de enfermagem do hospital, solicitando que essa ger\u00eancia comunique \u00e0 referida enfermeira [&hellip;]<\/p>\n","protected":false},"author":6,"featured_media":1032,"comment_status":"closed","ping_status":"closed","sticky":false,"template":"","format":"standard","meta":{"footnotes":""},"categories":[6,16,2],"tags":[],"class_list":["post-1028","post","type-post","status-publish","format-standard","has-post-thumbnail","hentry","category-noticias","category-processos","category-teste"],"_links":{"self":[{"href":"https:\/\/sindenfermeiro.com.br\/index.php\/wp-json\/wp\/v2\/posts\/1028","targetHints":{"allow":["GET"]}}],"collection":[{"href":"https:\/\/sindenfermeiro.com.br\/index.php\/wp-json\/wp\/v2\/posts"}],"about":[{"href":"https:\/\/sindenfermeiro.com.br\/index.php\/wp-json\/wp\/v2\/types\/post"}],"author":[{"embeddable":true,"href":"https:\/\/sindenfermeiro.com.br\/index.php\/wp-json\/wp\/v2\/users\/6"}],"replies":[{"embeddable":true,"href":"https:\/\/sindenfermeiro.com.br\/index.php\/wp-json\/wp\/v2\/comments?post=1028"}],"version-history":[{"count":1,"href":"https:\/\/sindenfermeiro.com.br\/index.php\/wp-json\/wp\/v2\/posts\/1028\/revisions"}],"predecessor-version":[{"id":32824,"href":"https:\/\/sindenfermeiro.com.br\/index.php\/wp-json\/wp\/v2\/posts\/1028\/revisions\/32824"}],"wp:featuredmedia":[{"embeddable":true,"href":"https:\/\/sindenfermeiro.com.br\/index.php\/wp-json\/"}],"wp:attachment":[{"href":"https:\/\/sindenfermeiro.com.br\/index.php\/wp-json\/wp\/v2\/media?parent=1028"}],"wp:term":[{"taxonomy":"category","embeddable":true,"href":"https:\/\/sindenfermeiro.com.br\/index.php\/wp-json\/wp\/v2\/categories?post=1028"},{"taxonomy":"post_tag","embeddable":true,"href":"https:\/\/sindenfermeiro.com.br\/index.php\/wp-json\/wp\/v2\/tags?post=1028"}],"curies":[{"name":"wp","href":"https:\/\/api.w.org\/{rel}","templated":true}]}}