{"id":1007,"date":"2017-03-22T21:37:41","date_gmt":"2017-03-22T21:37:41","guid":{"rendered":"http:\/\/www.sindenfermeiro.com.br\/?p=1007"},"modified":"2026-05-01T07:06:25","modified_gmt":"2026-05-01T10:06:25","slug":"em-bate-papo-enfermeiros-do-hospital-de-base-sugerem-alteracoes-em-projeto-de-instituto","status":"publish","type":"post","link":"https:\/\/sindenfermeiro.com.br\/index.php\/2017\/03\/22\/em-bate-papo-enfermeiros-do-hospital-de-base-sugerem-alteracoes-em-projeto-de-instituto\/","title":{"rendered":"Em bate-papo, enfermeiros do Hospital de Base sugerem altera\u00e7\u00f5es em projeto de instituto"},"content":{"rendered":"<p style=\"text-align: justify\">Na \u00faltima ter\u00e7a (21), o SindEnfermeiro esteve no Hospital de Base para um bate-papo com os servidores sobre a poss\u00edvel cria\u00e7\u00e3o do Instituto Hospital de Base (IHBDF). O objetivo do encontro foi debater a proposta do instituto e ouvir as reivindica\u00e7\u00f5es dos enfermeiros do hospital a respeito do assunto.<\/p>\n<p style=\"text-align: justify\">O sindicato informou aos servidores que protocolar\u00e1, quinta (23), junto \u00e0 C\u00e2mara Legislativa, documento com propostas de emendas ao projeto de lei que estabelece a cria\u00e7\u00e3o do instituto.<\/p>\n<p style=\"text-align: justify\">Dentre as propostas do sindicato e dos servidores est\u00e3o o pagamento do limite de vencimento b\u00e1sico (para 40 horas) da secretaria aos enfermeiros e a fixa\u00e7\u00e3o de um teto salarial para dirigentes.<\/p>\n<p style=\"text-align: justify\">O sindicato tamb\u00e9m ir\u00e1 solicitar a contrata\u00e7\u00e3o de concursados j\u00e1 aprovados nos \u00faltimos certames e que, ao encerrarem a contrata\u00e7\u00e3o desses aprovados, que o Governo realize um concurso espec\u00edfico para o instituto, nos moldes da Funda\u00e7\u00e3o Hemocentro.<\/p>\n<div id=\"attachment_1010\" style=\"width: 453px\" class=\"wp-caption aligncenter\"><img loading=\"lazy\" decoding=\"async\" aria-describedby=\"caption-attachment-1010\" class=\"wp-image-1010\" src=\"http:\/\/www.sindenfermeiro.com.br\/wp-content\/uploads\/2017\/03\/IMG_8713.jpg\" alt=\"IMG_8713\" width=\"443\" height=\"295\" \/><p id=\"caption-attachment-1010\" class=\"wp-caption-text\"><em>Diretores do SindEnfermeiro durante bate-papo com servidores do Hospital de Base<\/em><\/p><\/div>\n<p style=\"text-align: justify\"><strong>Paridade no Conselho Administrativo<\/strong><\/p>\n<p style=\"text-align: justify\">O Sindicato dos Enfermeiros e os profissionais do Base reivindicam paridade no Conselho Administrativo do Instituto Hospital de Base (IHBDF). De acordo com o projeto de lei enviado \u00e0 C\u00e2mara, o secret\u00e1rio ser\u00e1 o presidente do conselho e o Governo ainda indica 4 componentes, al\u00e9m de escolher os 4 integrantes restantes, atrav\u00e9s de lista tr\u00edplice.<\/p>\n<p style=\"text-align: justify\">No entendimento do sindicato, esse formato n\u00e3o proporciona a igualdade dos assentos e, consequentemente, das tomadas de decis\u00e3o do conselho.\u00a0Por isso, o SindEnfermeiro e os servidores do\u00a0Base solicitam que o Conselho de Sa\u00fade do Distrito Federal participe do colegiado que ir\u00e1 estabelecer as diretrizes do instituto. Al\u00e9m disso, o sindicato reivindica a retirada do Conselho Regional de Medicina (CRM) do grupo. Para o sindicato, o CRM n\u00e3o deve ocupar um assento, sendo o \u00fanico representante de categorias. Como sugest\u00e3o, o SindEnfermeiro solicita que o assento seja ocupado por uma pessoa indicada pela Comiss\u00e3o de Sa\u00fade da C\u00e2mara Legislativa.<\/p>\n<p style=\"text-align: justify\">A garantia da participa\u00e7\u00e3o do trabalhador e do Conselho de Sa\u00fade na elabora\u00e7\u00e3o do regimento interno, do estatuto e do contrato de gest\u00e3o tamb\u00e9m uma das solicita\u00e7\u00f5es que tamb\u00e9m inclui a determina\u00e7\u00e3o da \u00e1rea de atua\u00e7\u00e3o do instituto pela Secretaria de Sa\u00fade, e n\u00e3o pela pr\u00f3pria institui\u00e7\u00e3o.<\/p>\n<div id=\"attachment_1011\" style=\"width: 432px\" class=\"wp-caption aligncenter\"><img loading=\"lazy\" decoding=\"async\" aria-describedby=\"caption-attachment-1011\" class=\"wp-image-1011\" src=\"http:\/\/www.sindenfermeiro.com.br\/wp-content\/uploads\/2017\/03\/IMG_8728.jpg\" alt=\"IMG_8728\" width=\"422\" height=\"281\" \/><p id=\"caption-attachment-1011\" class=\"wp-caption-text\"><em>Bate-papo entre o SindEnfermeiro e servidores do Hospital de Base<\/em><\/p><\/div>\n","protected":false},"excerpt":{"rendered":"<p>Na \u00faltima ter\u00e7a (21), o SindEnfermeiro esteve no Hospital de Base para um bate-papo com os servidores sobre a poss\u00edvel cria\u00e7\u00e3o do Instituto Hospital de Base (IHBDF). O objetivo do encontro foi debater a proposta do instituto e ouvir as reivindica\u00e7\u00f5es dos enfermeiros do hospital a respeito do assunto. O sindicato informou aos servidores que [&hellip;]<\/p>\n","protected":false},"author":6,"featured_media":1010,"comment_status":"closed","ping_status":"closed","sticky":false,"template":"","format":"standard","meta":{"footnotes":""},"categories":[6,16,2],"tags":[],"class_list":["post-1007","post","type-post","status-publish","format-standard","has-post-thumbnail","hentry","category-noticias","category-processos","category-teste"],"_links":{"self":[{"href":"https:\/\/sindenfermeiro.com.br\/index.php\/wp-json\/wp\/v2\/posts\/1007","targetHints":{"allow":["GET"]}}],"collection":[{"href":"https:\/\/sindenfermeiro.com.br\/index.php\/wp-json\/wp\/v2\/posts"}],"about":[{"href":"https:\/\/sindenfermeiro.com.br\/index.php\/wp-json\/wp\/v2\/types\/post"}],"author":[{"embeddable":true,"href":"https:\/\/sindenfermeiro.com.br\/index.php\/wp-json\/wp\/v2\/users\/6"}],"replies":[{"embeddable":true,"href":"https:\/\/sindenfermeiro.com.br\/index.php\/wp-json\/wp\/v2\/comments?post=1007"}],"version-history":[{"count":1,"href":"https:\/\/sindenfermeiro.com.br\/index.php\/wp-json\/wp\/v2\/posts\/1007\/revisions"}],"predecessor-version":[{"id":32819,"href":"https:\/\/sindenfermeiro.com.br\/index.php\/wp-json\/wp\/v2\/posts\/1007\/revisions\/32819"}],"wp:featuredmedia":[{"embeddable":true,"href":"https:\/\/sindenfermeiro.com.br\/index.php\/wp-json\/"}],"wp:attachment":[{"href":"https:\/\/sindenfermeiro.com.br\/index.php\/wp-json\/wp\/v2\/media?parent=1007"}],"wp:term":[{"taxonomy":"category","embeddable":true,"href":"https:\/\/sindenfermeiro.com.br\/index.php\/wp-json\/wp\/v2\/categories?post=1007"},{"taxonomy":"post_tag","embeddable":true,"href":"https:\/\/sindenfermeiro.com.br\/index.php\/wp-json\/wp\/v2\/tags?post=1007"}],"curies":[{"name":"wp","href":"https:\/\/api.w.org\/{rel}","templated":true}]}}